{"id":132158,"date":"2026-01-11T10:36:19","date_gmt":"2026-01-11T10:36:19","guid":{"rendered":"https:\/\/www.europesays.com\/se\/132158\/"},"modified":"2026-01-11T10:36:19","modified_gmt":"2026-01-11T10:36:19","slug":"ottawa-berattar-nu-darfor-saknas-linus-ullmark","status":"publish","type":"post","link":"https:\/\/www.europesays.com\/se\/132158\/","title":{"rendered":"Ottawa ber\u00e4ttar nu: D\u00e4rf\u00f6r saknas Linus Ullmark"},"content":{"rendered":"<p><strong>Linus Ullmark, 32, har tagit en paus fr\u00e5n hockeyn.<br \/>Nu har Ottawa-spelaren Tim St\u00fctzle gett en uppdatering om den svenske NHL-m\u00e5lvakten.<\/strong><\/p>\n<p><img loading=\"lazy\" decoding=\"async\" width=\"1024\" height=\"682\" src=\"https:\/\/www.europesays.com\/se\/wp-content\/uploads\/2026\/01\/BB250215JM081-1024x682.webp.webp\" alt=\"\" class=\"wp-image-344194\"  \/>Linus Ullmark under 4 Nations.<br \/>Foto: Joel Marklund \/ BILDBYR\u00c5N \/ kod JM \/ JM0641<\/p>\n<p>I slutet av december meddelade <a href=\"https:\/\/hockeysverige.se\/klubb\/ottawa-senators\" rel=\"nofollow noopener\" target=\"_blank\">Ottawa Senators<\/a> att den svenske stj\u00e4rnm\u00e5lvakten tar en paus fr\u00e5n hockeyn. D\u00e4r och d\u00e5 gavs ingen anledning. N\u00e4r Sam Hallam tog ut sin OS-trupp, var inte <a href=\"https:\/\/hockeysverige.se\/spelare\/linus-ullmark\" rel=\"nofollow noopener\" target=\"_blank\">Linus Ullmark<\/a> med i truppen. M\u00e5lvakten, som spenderade junior\u00e5ren och tog f\u00f6rsta seniorstegen i <a href=\"https:\/\/hockeysverige.se\/klubb\/modo-hockey\" rel=\"nofollow noopener\" target=\"_blank\">MoDo<\/a>, hade i st\u00e4llet blivit f\u00f6rbipasserad av <a href=\"https:\/\/hockeysverige.se\/klubb\/minnesota-wild\" rel=\"nofollow noopener\" target=\"_blank\">Minnesota Wild<\/a>:s genombrottsspelare i <a href=\"https:\/\/hockeysverige.se\/spelare\/jesper-wallstedt\" rel=\"nofollow noopener\" target=\"_blank\">Jesper Wallstedt<\/a>.<\/p>\n<p>Cirka tv\u00e5 veckor senare ger Ottawa Senators-spelaren Tim St\u00fctzle en liten uppdatering om hur det ligger till. F\u00f6r media bekr\u00e4ftar han att det \u00e4r relaterat till psykisk h\u00e4lsa.<\/p>\n<p>\u201dDet \u00e4r relaterat till psykisk h\u00e4lsa. Alla vet det nu och jag har skickat meddelande om att vi alla st\u00f6ttar honom i vad han \u00e4n g\u00e5r igenom just nu\u201d, ska han ha sagt enligt sportjournalisten <a href=\"https:\/\/x.com\/clahanna\/status\/2010038887532404839?s=20\" rel=\"nofollow\">Claire Hanna.<\/a><\/p>\n<p>Linus Ullmark spelade 4 Nations f\u00f6r <a href=\"https:\/\/hockeysverige.se\/sverige\" rel=\"nofollow noopener\" target=\"_blank\">Tre Kronor<\/a> f\u00f6rra \u00e5ret.<\/p>\n<blockquote class=\"twitter-tweet\" data-width=\"500\" data-dnt=\"true\">\n<p lang=\"en\" dir=\"ltr\">Tim St\u00fctzle mentioned he reached out to Linus Ullmark after the goalie announced his leave of absence:<\/p>\n<p>\u201dI texted him right after when he left the team for something completely different. Which we don\u2019t even have to get into, it\u2019s something mental health related. Everybody knows\u2026<\/p>\n<p>\u2014 Claire Hanna (@clahanna) <a href=\"https:\/\/twitter.com\/clahanna\/status\/2010038887532404839?ref_src=twsrc%5Etfw\" rel=\"nofollow noopener\" target=\"_blank\">January 10, 2026<\/a><\/p><\/blockquote>\n<p><script async src=\"https:\/\/platform.twitter.com\/widgets.js\" charset=\"utf-8\"><\/script><\/p>\n","protected":false},"excerpt":{"rendered":"Linus Ullmark, 32, har tagit en paus fr\u00e5n hockeyn.Nu har Ottawa-spelaren Tim St\u00fctzle gett en uppdatering om den&hellip;\n","protected":false},"author":2,"featured_media":132159,"comment_status":"","ping_status":"","sticky":false,"template":"","format":"standard","meta":{"footnotes":""},"categories":[68],"tags":[247,34,133,111,110,31,33,32,30],"class_list":{"0":"post-132158","1":"post","2":"type-post","3":"status-publish","4":"format-standard","5":"has-post-thumbnail","7":"category-sport","8":"tag-nhl","9":"tag-se","10":"tag-second-news","11":"tag-sport","12":"tag-sports","13":"tag-svenska","14":"tag-sverige","15":"tag-sweden","16":"tag-swedish"},"share_on_mastodon":{"url":"https:\/\/pubeurope.com\/@se\/115876028960840223","error":""},"_links":{"self":[{"href":"https:\/\/www.europesays.com\/se\/wp-json\/wp\/v2\/posts\/132158","targetHints":{"allow":["GET"]}}],"collection":[{"href":"https:\/\/www.europesays.com\/se\/wp-json\/wp\/v2\/posts"}],"about":[{"href":"https:\/\/www.europesays.com\/se\/wp-json\/wp\/v2\/types\/post"}],"author":[{"embeddable":true,"href":"https:\/\/www.europesays.com\/se\/wp-json\/wp\/v2\/users\/2"}],"replies":[{"embeddable":true,"href":"https:\/\/www.europesays.com\/se\/wp-json\/wp\/v2\/comments?post=132158"}],"version-history":[{"count":0,"href":"https:\/\/www.europesays.com\/se\/wp-json\/wp\/v2\/posts\/132158\/revisions"}],"wp:featuredmedia":[{"embeddable":true,"href":"https:\/\/www.europesays.com\/se\/wp-json\/wp\/v2\/media\/132159"}],"wp:attachment":[{"href":"https:\/\/www.europesays.com\/se\/wp-json\/wp\/v2\/media?parent=132158"}],"wp:term":[{"taxonomy":"category","embeddable":true,"href":"https:\/\/www.europesays.com\/se\/wp-json\/wp\/v2\/categories?post=132158"},{"taxonomy":"post_tag","embeddable":true,"href":"https:\/\/www.europesays.com\/se\/wp-json\/wp\/v2\/tags?post=132158"}],"curies":[{"name":"wp","href":"https:\/\/api.w.org\/{rel}","templated":true}]}}