{"id":132160,"date":"2026-01-11T10:40:30","date_gmt":"2026-01-11T10:40:30","guid":{"rendered":"https:\/\/www.europesays.com\/se\/132160\/"},"modified":"2026-01-11T10:40:30","modified_gmt":"2026-01-11T10:40:30","slug":"baragare-frihetsberovad-efter-branden-i-schweiz-hufvudstadsbladet","status":"publish","type":"post","link":"https:\/\/www.europesays.com\/se\/132160\/","title":{"rendered":"Bar\u00e4gare frihetsber\u00f6vad efter branden i Schweiz &#8211; Hufvudstadsbladet"},"content":{"rendered":"<ol>\n<li><a href=\"https:\/\/news.google.com\/rss\/articles\/CBMihAFBVV95cUxPc0JwNjl2aXRrVFhGNkVUWE1oQXFsT2FFZjBTcFk4dlZObmFpQXNPaUoyUTg5V0gwTHpEYnJJb3hSa0RoOWd5Y1NZTTA2WGNndHFoeWhadERnbzRnZEViWVB1Q0FzZTVBWWdVUHJfUWRfS0xoLVVEUjQyNHBwMmhmTVptRFE?oc=5\" target=\"_blank\" rel=\"nofollow noopener\">Bar\u00e4gare frihetsber\u00f6vad efter branden i Schweiz<\/a>&nbsp;&nbsp;Hufvudstadsbladet<\/li>\n<li><a href=\"https:\/\/news.google.com\/rss\/articles\/CBMikwFBVV95cUxNMDJrckx1TTJpUjhnQ2R6SzZmS093LXp1THBSdkxFTUIxaWtpc1lXUW1oMTJWQWxNaVdRQlUtQm5uSVo1cVA3cEd1V3p1MDVXcUkyUjJTQXQ0Ukp6eTRDNS1wZTVBYVdfSHZTaV9qemRtT2NaYTNDcG95QW9mOTJTWGJoUklrYkF4UkNXT2lTcFR0b0U?oc=5\" target=\"_blank\" rel=\"nofollow noopener\">Bar\u00e4garen i Schweiz: Det fanns ingen n\u00f6dutg\u00e5ng<\/a>&nbsp;&nbsp;Aftonbladet<\/li>\n<li><a href=\"https:\/\/news.google.com\/rss\/articles\/CBMilgFBVV95cUxOUjZ5ZXhRV2JBbGM1ZERIVkxIWjVWdjVMSnpNVkRpNlR6S3VWOUFvMFZXTkZNNE9DQ1ZlMmRCT1RnRFdKXzdMblkzZ2wwcG1DV1FhYWZrYkhBNGN1LWJNUFRoNWdjc3NQd2lLY2Zha19JNVJyRHFxcWY2Y1lIR2lrSGpHM0JfRGlWSnl4N2tMNVlZMmh3M2c?oc=5\" target=\"_blank\" rel=\"nofollow noopener\">Efter ny\u00e5rsbranden \u2013 bar\u00e4gare hittade d\u00f6da bakom l\u00e5st d\u00f6rr<\/a>&nbsp;&nbsp;Sveriges Radio<\/li>\n<li><a href=\"https:\/\/news.google.com\/rss\/articles\/CBMiggFBVV95cUxNanVCdHZYOXQ4X19McGt6VnpQUUtTMHlwdEVkVUtBN3gwS0x0bUdqWGhyNTJvN3NWWjVfcGo4SUliMUFaeWFNMFA0N2gzZ3k3S0hkUUxjVjRsemIwSmFvdFhjSDNPcERqY2s0VVktVzRCejVGLTJudmZLTGNmenlLVnpB?oc=5\" target=\"_blank\" rel=\"nofollow noopener\">Bar\u00e4garen i f\u00f6rh\u00f6r: D\u00f6da kroppar l\u00e5g bakom l\u00e5st d\u00f6rr<\/a>&nbsp;&nbsp;Omni<\/li>\n<li><a href=\"https:\/\/news.google.com\/rss\/articles\/CBMimgFBVV95cUxPV1RHNzlPem1OenN2TVJhY1Joc3RNT0psc1FjWk1vRlktSmZhSVF3djRxRkU0eGtocUtyNDQyc0pFY253Rmc1NVBUeU9KQ2pZRHNCWll3Um45OElpN2c2dFRwSS1pa21UbDM3eTF0OFd2dlQyRDY1WUhtUUFLVTFGenFmQjRLRVRESGpQSWZDTWRZdExicEVHLXhR?oc=5\" target=\"_blank\" rel=\"nofollow noopener\">\u201dT\u00e4nk om det hade varit hos oss\u201d \u2013 Pepes Bodega om d\u00f6dsbranden i Schweiz<\/a>&nbsp;&nbsp;HD \u2013 Nyheter Dygnet Runt<\/li>\n<\/ol>\n","protected":false},"excerpt":{"rendered":"Bar\u00e4gare frihetsber\u00f6vad efter branden i Schweiz&nbsp;&nbsp;Hufvudstadsbladet Bar\u00e4garen i Schweiz: Det fanns ingen n\u00f6dutg\u00e5ng&nbsp;&nbsp;Aftonbladet Efter ny\u00e5rsbranden \u2013 bar\u00e4gare hittade&hellip;\n","protected":false},"author":2,"featured_media":132161,"comment_status":"","ping_status":"","sticky":false,"template":"","format":"standard","meta":{"footnotes":""},"categories":[14],"tags":[22,23,26,27,17,21,24,25,28,29,15,16,18,34,31,33,32,30,19,20,51,52,53,54],"class_list":{"0":"post-132160","1":"post","2":"type-post","3":"status-publish","4":"format-standard","5":"has-post-thumbnail","7":"category-varlden","8":"tag-breaking-news","9":"tag-breakingnews","10":"tag-featured-news","11":"tag-featurednews","12":"tag-headlines","13":"tag-huvudnyheter","14":"tag-latest-news","15":"tag-latestnews","16":"tag-main-news","17":"tag-mainnews","18":"tag-news","19":"tag-nyheter","20":"tag-rubriker","21":"tag-se","22":"tag-svenska","23":"tag-sverige","24":"tag-sweden","25":"tag-swedish","26":"tag-top-stories","27":"tag-topstories","28":"tag-varlden","29":"tag-world","30":"tag-world-news","31":"tag-worldnews"},"share_on_mastodon":{"url":"https:\/\/pubeurope.com\/@se\/115876044730995550","error":""},"_links":{"self":[{"href":"https:\/\/www.europesays.com\/se\/wp-json\/wp\/v2\/posts\/132160","targetHints":{"allow":["GET"]}}],"collection":[{"href":"https:\/\/www.europesays.com\/se\/wp-json\/wp\/v2\/posts"}],"about":[{"href":"https:\/\/www.europesays.com\/se\/wp-json\/wp\/v2\/types\/post"}],"author":[{"embeddable":true,"href":"https:\/\/www.europesays.com\/se\/wp-json\/wp\/v2\/users\/2"}],"replies":[{"embeddable":true,"href":"https:\/\/www.europesays.com\/se\/wp-json\/wp\/v2\/comments?post=132160"}],"version-history":[{"count":0,"href":"https:\/\/www.europesays.com\/se\/wp-json\/wp\/v2\/posts\/132160\/revisions"}],"wp:featuredmedia":[{"embeddable":true,"href":"https:\/\/www.europesays.com\/se\/wp-json\/wp\/v2\/media\/132161"}],"wp:attachment":[{"href":"https:\/\/www.europesays.com\/se\/wp-json\/wp\/v2\/media?parent=132160"}],"wp:term":[{"taxonomy":"category","embeddable":true,"href":"https:\/\/www.europesays.com\/se\/wp-json\/wp\/v2\/categories?post=132160"},{"taxonomy":"post_tag","embeddable":true,"href":"https:\/\/www.europesays.com\/se\/wp-json\/wp\/v2\/tags?post=132160"}],"curies":[{"name":"wp","href":"https:\/\/api.w.org\/{rel}","templated":true}]}}