{"id":132162,"date":"2026-01-11T10:41:23","date_gmt":"2026-01-11T10:41:23","guid":{"rendered":"https:\/\/www.europesays.com\/se\/132162\/"},"modified":"2026-01-11T10:41:23","modified_gmt":"2026-01-11T10:41:23","slug":"toaletterna-sonderslagna-pa-populara-rastplatsen-i-kiruna","status":"publish","type":"post","link":"https:\/\/www.europesays.com\/se\/132162\/","title":{"rendered":"Toaletterna s\u00f6nderslagna p\u00e5 popul\u00e4ra rastplatsen i Kiruna"},"content":{"rendered":"<p>Rastplatsen ligger i anslutning till E10 nedanf\u00f6r Luossavaaras skidbacke och h\u00e4ndelsen har polisanm\u00e4lts. Toaletterna har gjorts obrukbara.<\/p>\n<p>\u2013 Det \u00e4r oerh\u00f6rt tr\u00e5kigt och on\u00f6digt att rastplatsen har blivit vandaliserad. Vi ser inget annat alternativ \u00e4n att st\u00e4nga den helt tills vidare d\u00e5 toaletterna inte \u00e4r brukbara och rastplatsen d\u00e4rmed inte fyller sin funktion, s\u00e4ger Jan Eliasson, projektledare f\u00f6r Underh\u00e5ll p\u00e5 Trafikverket.<\/p>\n<p>L\u00e5ngt till andra rastplatser i omr\u00e5det<\/p>\n<p>Myndighetens rastplatser har olika standard och utrustning. Men alla \u00e4r tillg\u00e4nglighetsanpassade s\u00e5 att m\u00e4nniskor som har funktionsvariation ska kunna anv\u00e4nda dem.<\/p>\n<p>\u2013 Rastplatsen syftar till att trafikanter ska f\u00e5 m\u00f6jlighet till rast och vila p\u00e5 resan, men vi har m\u00e4rkt att den \u00e4ven \u00e4r ett uppskattat inslag hos Kirunabor och turister i omr\u00e5det. Det \u00e4r mycket tr\u00e5kigt att rastplatsen f\u00f6rst\u00f6rts, s\u00e4ger Jan Eliasson.<\/p>\n<p>Det finns i nul\u00e4get ingen prognos n\u00e4r den \u00f6ppnar igen vilket g\u00f6r att det blir l\u00e5ngt till n\u00e4rmaste vilost\u00e4lle. Till Pessisj\u00e5kka i norr \u00e4r det 7,4 mil, till Lappesuando i s\u00f6derg\u00e5ende riktning \u00e4r det 6,5 mil och till Suptallen i sydostlig riktning \u00e4r det 6,3 mil.<\/p>\n","protected":false},"excerpt":{"rendered":"Rastplatsen ligger i anslutning till E10 nedanf\u00f6r Luossavaaras skidbacke och h\u00e4ndelsen har polisanm\u00e4lts. Toaletterna har gjorts obrukbara. \u2013&hellip;\n","protected":false},"author":2,"featured_media":132163,"comment_status":"","ping_status":"","sticky":false,"template":"","format":"standard","meta":{"footnotes":""},"categories":[12],"tags":[22,23,26,27,17,21,24,25,28,29,15,16,18,34,31,33,32,30,19,20],"class_list":{"0":"post-132162","1":"post","2":"type-post","3":"status-publish","4":"format-standard","5":"has-post-thumbnail","7":"category-sverige","8":"tag-breaking-news","9":"tag-breakingnews","10":"tag-featured-news","11":"tag-featurednews","12":"tag-headlines","13":"tag-huvudnyheter","14":"tag-latest-news","15":"tag-latestnews","16":"tag-main-news","17":"tag-mainnews","18":"tag-news","19":"tag-nyheter","20":"tag-rubriker","21":"tag-se","22":"tag-svenska","23":"tag-sverige","24":"tag-sweden","25":"tag-swedish","26":"tag-top-stories","27":"tag-topstories"},"share_on_mastodon":{"url":"https:\/\/pubeurope.com\/@se\/115876048705434453","error":""},"_links":{"self":[{"href":"https:\/\/www.europesays.com\/se\/wp-json\/wp\/v2\/posts\/132162","targetHints":{"allow":["GET"]}}],"collection":[{"href":"https:\/\/www.europesays.com\/se\/wp-json\/wp\/v2\/posts"}],"about":[{"href":"https:\/\/www.europesays.com\/se\/wp-json\/wp\/v2\/types\/post"}],"author":[{"embeddable":true,"href":"https:\/\/www.europesays.com\/se\/wp-json\/wp\/v2\/users\/2"}],"replies":[{"embeddable":true,"href":"https:\/\/www.europesays.com\/se\/wp-json\/wp\/v2\/comments?post=132162"}],"version-history":[{"count":0,"href":"https:\/\/www.europesays.com\/se\/wp-json\/wp\/v2\/posts\/132162\/revisions"}],"wp:featuredmedia":[{"embeddable":true,"href":"https:\/\/www.europesays.com\/se\/wp-json\/wp\/v2\/media\/132163"}],"wp:attachment":[{"href":"https:\/\/www.europesays.com\/se\/wp-json\/wp\/v2\/media?parent=132162"}],"wp:term":[{"taxonomy":"category","embeddable":true,"href":"https:\/\/www.europesays.com\/se\/wp-json\/wp\/v2\/categories?post=132162"},{"taxonomy":"post_tag","embeddable":true,"href":"https:\/\/www.europesays.com\/se\/wp-json\/wp\/v2\/tags?post=132162"}],"curies":[{"name":"wp","href":"https:\/\/api.w.org\/{rel}","templated":true}]}}