{"id":132164,"date":"2026-01-11T10:42:16","date_gmt":"2026-01-11T10:42:16","guid":{"rendered":"https:\/\/www.europesays.com\/se\/132164\/"},"modified":"2026-01-11T10:42:16","modified_gmt":"2026-01-11T10:42:16","slug":"blev-chockad-over-hur-manga-som-misskoter-systemet","status":"publish","type":"post","link":"https:\/\/www.europesays.com\/se\/132164\/","title":{"rendered":"\u201dBlev chockad \u00f6ver hur m\u00e5nga som missk\u00f6ter systemet\u201d"},"content":{"rendered":"<p>share-arrowDela<\/p>\n<p>unsaveSpara<\/p>\n<p>expand-left<\/p>\n<p>helsk\u00e4rm<img decoding=\"async\" class=\"image-asset hyperion-css-u06ts1\" data-test-tag=\"image-asset\" src=\"https:\/\/www.europesays.com\/se\/wp-content\/uploads\/2026\/01\/3623d963-84b7-41d2-be1a-2ef1bb2fdb5d.jpeg\"  alt=\"Tuva Branberg har arbetat fem \u00e5r i hemtj\u00e4nsten \u2013 det \u00e4r ovanligt l\u00e4nge. H\u00e4r \u00e4r hon hemma hos Sonie Abrahamsson, 92.\"  loading=\"eager\" fetchpriority=\"high\" style=\"aspect-ratio:1900 \/ 1267\"\/>Tuva Branberg har arbetat fem \u00e5r i hemtj\u00e4nsten \u2013 det \u00e4r ovanligt l\u00e4nge. H\u00e4r \u00e4r hon hemma hos Sonie Abrahamsson, 92. Foto: Andreas Bardell<\/p>\n<p class=\"hyperion-css-1shl3oz\" data-test-tag=\"lead-text\">Man hinner inte g\u00e5 p\u00e5 toa och knappt \u00e4ta lunch. <\/p>\n<p class=\"hyperion-css-1shl3oz\" data-test-tag=\"lead-text\">N\u00e5gon m\u00e5ste ju tycka att minutjakten i hemtj\u00e4nsten \u00e4r bra. <\/p>\n<p class=\"hyperion-css-1shl3oz\" data-test-tag=\"lead-text\">Annars skulle v\u00e4l systemet inte finnas?<\/p>\n<p class=\"hyperion-css-1v9qo5x\">\u201dMan kan ju alltid ta jobb inom hemtj\u00e4nsten\u201d. <\/p>\n<p class=\"hyperion-css-1v9qo5x\">Det \u00e4r en d\u00e4r fras som man h\u00f6r lite d\u00e5 och d\u00e5. Den som riskerar upps\u00e4gning eller k\u00e4nner sig olycklig p\u00e5 sitt nuvarande jobb kan finna tr\u00f6st i att hemtj\u00e4nsten finns. D\u00e4r kan man ju alltid f\u00e5 jobb.<\/p>\n<p class=\"hyperion-css-1v9qo5x\">Det \u00e4r sant, hemtj\u00e4nsten skriker efter personal. Det \u00e4r ett av Sveriges vanligaste yrken, cirka 130\u00a0000 har sin f\u00f6rs\u00f6rjning i hemtj\u00e4nsten\/\u00e4ldrev\u00e5rden. Av dem \u00e4r 90 procent kvinnor.<\/p>\n<p class=\"hyperion-css-1v9qo5x\">F\u00e5 orkar dock stanna i jobbet s\u00e4rskilt l\u00e4nge, det har blivit ett typiskt genomg\u00e5ngsyrke. De som minns sina sommarjobb p\u00e5 1990-talet skulle bli f\u00f6rv\u00e5nade om de kom tillbaka och s\u00e5g hur det funkar i dag.<\/p>\n<p class=\"hyperion-css-1v9qo5x\">De flesta av de cirka 165\u00a0000 \u00e4ldre som beh\u00f6ver hemtj\u00e4nst \u00e4r dock tillfreds och tacksamma, n\u00e5t som aldrig framkommer i medierapporteringen, men <a aria-label=\"m\u00e5nga \u00e4r ocks\u00e5 missn\u00f6jda.\" class=\"default hyperion-css-15jkft9\" href=\"https:\/\/www.svt.se\/nyheter\/inrikes\/de-dog-ensamma-hemtjansten-missade-trygghetslarmen\" rel=\"noopener nofollow noreferrer\" data-test-tag=\"external-link\" target=\"_blank\">m\u00e5nga \u00e4r ocks\u00e5 missn\u00f6jda.<\/a> Antingen f\u00f6r att man faktiskt har sk\u00e4l att vara det, eller f\u00f6r att man f\u00f6rv\u00e4ntar sig mer. Men m\u00e5nga \u00e4r ocks\u00e5 oroliga \u00f6ver att personalen som kommer aldrig \u00e4r densamma och att m\u00e5nga \u00e4r s\u00e5 stressade.<\/p>\n<p>expand-left<\/p>\n<p>helsk\u00e4rm<img decoding=\"async\" class=\"image-asset hyperion-css-u06ts1\" data-test-tag=\"image-asset\" src=\"https:\/\/www.europesays.com\/se\/wp-content\/uploads\/2026\/01\/ae55f364-61c2-487a-9c9a-89d1a77335ff.jpeg\"  alt=\"Arbetet i hemtj\u00e4nsten \u00e4r tungt \u2013 b\u00e5de fysiskt och psykiskt. M\u00e5nga gamla \u00e4r ocks\u00e5 olyckliga.\"  loading=\"eager\" fetchpriority=\"high\" style=\"aspect-ratio:1900 \/ 1267\"\/>Arbetet i hemtj\u00e4nsten \u00e4r tungt \u2013 b\u00e5de fysiskt och psykiskt. M\u00e5nga gamla \u00e4r ocks\u00e5 olyckliga. Foto: Andreas Bardell<\/p>\n<p class=\"hyperion-css-1v9qo5x\"><strong>Jobbet \u00e4r ensamt och ansvarsfullt, <\/strong>underfinansierat och underbemannat. Det \u00e4r fysiskt tungt och psykiskt p\u00e5frestande att ta hand om gamla, sjuka och ensamma m\u00e4nniskor. M\u00e5nga \u00e4r dementa, argsinta och v\u00e5ldsamma. Olyckliga.<\/p>\n<p class=\"hyperion-css-1v9qo5x\">Det \u00e4r sv\u00e5rt att avancera inom yrket, det \u00e4r sv\u00e5rt bara att p\u00e5verka arbetstiderna. <\/p>\n<p class=\"hyperion-css-1v9qo5x\">Och det \u00e4r ett yrke som andra ser ner p\u00e5. <\/p>\n<p class=\"hyperion-css-1v9qo5x\">L\u00e4gg till detta att en genomsnittsl\u00f6n ligger runt 28\u00a0000\u201330\u00a0000 kronor f\u00f6r en heltid om man \u00e4r utbildad undersk\u00f6terska. En nyb\u00f6rjare utan utbildning har en ing\u00e5ngsl\u00f6n p\u00e5 runt 22\u00a0000\u201324\u00a0000 kronor. <\/p>\n<p class=\"hyperion-css-1v9qo5x\">Men s\u00e4rskilt stressade \u00e4r de som arbetar med tidsrapportering och minutstyrning: det \u00e4r byr\u00e5kratiskt best\u00e4mt att Evas dusch f\u00e5r ta elva minuter och Hasses lunch en kvart. Drar man av olika sk\u00e4l \u00f6ver tiden, betalar inte kommunen utf\u00f6raren. Inte heller om Evas dusch en dag skulle g\u00e5 snabbare \u00e4n ber\u00e4knat. <\/p>\n<p class=\"hyperion-css-1v9qo5x\">Man betalar inte heller f\u00f6r tiden som g\u00e5r \u00e5t till att ta sig mellan Eva och Hasse. <\/p>\n<p class=\"hyperion-css-1v9qo5x\">Det h\u00e4r \u00e4r med andra ord ett system som dels har mycket sm\u00e5 marginaler f\u00f6r de \u00e4ldres behov och \u00f6nskem\u00e5l, dels stressar personalen. <\/p>\n<p class=\"hyperion-css-1v9qo5x\"><strong>Enligt en <\/strong><a class=\"default hyperion-css-15jkft9\" href=\"https:\/\/www.kommunal.se\/hemtjanst2022\" rel=\"noopener nofollow noreferrer\" data-test-tag=\"external-link\" target=\"_blank\"><strong>unders\u00f6kning fr\u00e5n Kommunal <\/strong><\/a>uppger blott 22 procent av dem som arbetar med minutstyrningen att de hinner g\u00f6ra det de ska. Motsvarande siffra i andra styrningsmodeller \u00e4r 43 procent. (Det \u00e4r inte en s\u00e4rskilt imponerande siffra det heller.) <\/p>\n<p class=\"hyperion-css-1v9qo5x\">30 procent anser att de kan ge bra kvalitet. I andra system \u00e4r siffran dubbelt s\u00e5 h\u00f6g. <\/p>\n<p class=\"hyperion-css-1v9qo5x\">57 procent s\u00e4ger att de inte hinner g\u00e5 p\u00e5 toa eller ta en kopp kaffe. 35 procent har sv\u00e5rt att f\u00e5 tid f\u00f6r lunch, det \u00e4r dubbelt s\u00e5 h\u00f6g andel som i andra modeller. <\/p>\n<p class=\"hyperion-css-1v9qo5x\">H\u00e4lften s\u00e4ger att de \u00e4r psykiskt tr\u00f6tta och 60 procent uppger att de \u00e4r fysiskt slut. \u00c4ven det \u00e4r dubbelt s\u00e5 m\u00e5nga som i andra styrningsmodeller. 40 procent s\u00e4ger att de inte vill vara kvar i jobbet inom tre \u00e5r. <\/p>\n<p class=\"hyperion-css-1v9qo5x\">Minutjakten \u00e4r New public management p\u00e5 speed \u2013 tidsrapporteringssystemet bygger p\u00e5 att allt ska kunna m\u00e4tas och v\u00e4gas \u2013men systemets praktik \u00e4r att personalen k\u00e4nner sig misstrodd. <\/p>\n<p>expand-left<\/p>\n<p>helsk\u00e4rm<img decoding=\"async\" class=\"image-asset hyperion-css-u06ts1\" data-test-tag=\"image-asset\" src=\"https:\/\/www.europesays.com\/se\/wp-content\/uploads\/2026\/01\/eb499bb0-513b-4081-86cc-06ed38c13d5a.jpeg\"  alt=\"Torun Boucher, v\u00e4nsterpartist och \u00e4ldreborgarr\u00e5d i Stockholms stad.\"  loading=\"eager\" fetchpriority=\"high\" style=\"aspect-ratio:1900 \/ 1593\"\/>Torun Boucher, v\u00e4nsterpartist och \u00e4ldreborgarr\u00e5d i Stockholms stad. Foto: Mauris Otterloo<\/p>\n<p class=\"hyperion-css-1v9qo5x\"><strong>Alla kommuner har inte det h\u00e4r systemet,<\/strong> men Stockholms stad har det. Och den g\u00e4ller f\u00f6r alla utf\u00f6rare, oavsett om man \u00e4r ett kommunalt eller privat bolag. <\/p>\n<p class=\"hyperion-css-1v9qo5x\">N\u00e5n m\u00e5ste tycka att det h\u00e4r systemet \u00e4r bra, annars skulle det ju inte finnas. Jag ringer upp den politiker som har fr\u00e5gan p\u00e5 sitt bord, \u00e4ldreborgarr\u00e5det i Stockholms stad, v\u00e4nsterpartisten Torun Boucher. <\/p>\n<p class=\"hyperion-css-1v9qo5x\">F\u00f6r Boucher \u00e4r fr\u00e5gan enkel: det \u00e4r privatiseringen som har drivit fram tidsregistreringssystemet. I b\u00f6rjan fick man betalt per insats, vilket gjorde att privata utf\u00f6rare lade in ohederligt m\u00e5nga insatser:<\/p>\n<p class=\"hyperion-css-1v9qo5x\">\u2013 Ett exempel \u00e4r en dam som fick 20 minuter st\u00e4dning, men hade r\u00e4tt till en timme. Med minutregistreringen f\u00e5r man det man \u00e4r lovad.<\/p>\n<p class=\"hyperion-css-1v9qo5x\">Fick Torun Boucher best\u00e4mma skulle all hemtj\u00e4nst vara kommunal, f\u00f6r d\u00e5 finns det ingen som kan utnyttja systemet. <\/p>\n<p class=\"hyperion-css-1v9qo5x\">\u2013 N\u00e4r jag satte mig in i de h\u00e4r fr\u00e5gorna blev jag chockad \u00f6ver hur m\u00e5nga som missk\u00f6ter systemet.<\/p>\n<p class=\"hyperion-css-1v9qo5x\"><strong>Det betyder att de o\u00e4rliga f\u00f6retagen, f\u00e5r s\u00e4tta standarden f\u00f6r alla? <\/strong><\/p>\n<p class=\"hyperion-css-1v9qo5x\">\u2013 Det finns inget system som kan kontrollera dem b\u00e4ttre. <\/p>\n<p class=\"hyperion-css-1v9qo5x\">Men om man l\u00e4gger den ideologiska fr\u00e5gan om \u00e4gandet \u00e5t sidan? Cirka 70 procent av Stockholms hemtj\u00e4nst \u00e4r i privat regi, det \u00e4r inget som V\u00e4nsterpartiet kan g\u00f6ra n\u00e5t \u00e5t. Oavsett vad man tycker om det, s\u00e5 \u00e4r minutjakten stressande f\u00f6r de anst\u00e4llda, \u00e4r inte det n\u00e5t som just V borde lyssna s\u00e4rskilt p\u00e5? <\/p>\n<p class=\"hyperion-css-1v9qo5x\">\u2013 Hela mitt fokus den h\u00e4r mandatperioden \u00e4r att h\u00f6ja personalens arbetsvillkor. Vi har kravet att man m\u00e5ste vara utbildad och att 90 procent av personalen m\u00e5ste vara fast anst\u00e4lld. <\/p>\n<p class=\"hyperion-css-1v9qo5x\"><strong>Men de utbildade och fast anst\u00e4llda \u00e4r v\u00e4l lika stressade av minutjakten som de outbildade timmisarna?<\/strong><\/p>\n<p class=\"hyperion-css-1v9qo5x\">Det h\u00e5ller Torun Bocher med om, men hon s\u00e4ger att \u201dden stora utmaningen\u201d \u00e4r bist\u00e5ndshandl\u00e4ggarna. <\/p>\n<p class=\"hyperion-css-1v9qo5x\"><strong>Men de \u00e4r v\u00e4l bundna till budget? <\/strong><\/p>\n<p class=\"hyperion-css-1v9qo5x\">\u2013 I viss m\u00e5n, men det \u00e4r olika i olika stadsdelar. Och schemal\u00e4ggningen \u00e4r sv\u00e5r, det kan vara ett ohemult jobbigt system som havererat i n\u00e5n upphandling. <\/p>\n<p class=\"hyperion-css-1v9qo5x\">Torun Bocher understryker att det finns privata hemtj\u00e4nstf\u00f6retag som \u00e4r bra, men att de d\u00e5liga m\u00e5ste bort. <\/p>\n<p>expand-left<\/p>\n<p>helsk\u00e4rm<img decoding=\"async\" class=\"image-asset hyperion-css-u06ts1\" data-test-tag=\"image-asset\" src=\"https:\/\/www.europesays.com\/se\/wp-content\/uploads\/2026\/01\/4255d686-cf3d-488c-b830-4994ff607e93.jpeg\"  alt=\"Hemtj\u00e4nsten betyder att man kommit till livets slutstadium, vi vill inte placera oss sj\u00e4lva d\u00e4r.\"  loading=\"eager\" fetchpriority=\"high\" style=\"aspect-ratio:1900 \/ 1230\"\/>Hemtj\u00e4nsten betyder att man kommit till livets slutstadium, vi vill inte placera oss sj\u00e4lva d\u00e4r. Foto: Andreas Bardell<\/p>\n<p class=\"hyperion-css-1v9qo5x\"><strong>Vi kommer inte l\u00e4ngre.<\/strong><\/p>\n<p class=\"hyperion-css-1v9qo5x\">I den ena v\u00e5gsk\u00e5len ligger avarterna med privatiseringen. I den andra ligger de anst\u00e4lldas arbetsvillkor. <\/p>\n<p class=\"hyperion-css-1v9qo5x\">Jag vet inte mycket om det h\u00e4r jobbet, jag har bara f\u00f6ljt med i n\u00e5gra dar, och jag har f\u00f6rs\u00f6kt s\u00e4tta mig in i en regelverk och en politisk verklighet som ser olika ut beroende p\u00e5 om man har r\u00f6da eller bl\u00e5 glas\u00f6gon. <\/p>\n<p class=\"hyperion-css-1v9qo5x\">Men jag kan undra varf\u00f6r ingen bryr sig? <\/p>\n<p class=\"hyperion-css-1v9qo5x\">L\u00e4gger man ihop alla som \u00e4r beroende av hemtj\u00e4nsten och alla som arbetar d\u00e4r, ber\u00f6rs 300\u00a0000 svenskar. Till detta kommer alla anh\u00f6riga till de beh\u00f6vande. Och alla familjemedlemmar som lever med n\u00e5n som sliter i ett av Sveriges sv\u00e5raste och mest utsk\u00e4llda yrken. <\/p>\n<p class=\"hyperion-css-1v9qo5x\">Hemtj\u00e4nsten och \u00e4ldreomsorgen r\u00e4knas som <a aria-label=\"\u201dframtidsjobb\u201d\" class=\"default hyperion-css-15jkft9\" href=\"https:\/\/arbetsformedlingen.se\/for-arbetssokande\/tips-inspiration-och-nyheter\/artiklar\/2025-01-31-65-000-behover-anstallas-inom-aldreomsorg\" rel=\"noopener nofollow noreferrer\" data-test-tag=\"external-link\" target=\"_blank\">\u201dframtidsjobb\u201d<\/a>, fram till 2033 beh\u00f6vs det anst\u00e4llas ytterligare 65\u00a0000. <\/p>\n<p class=\"hyperion-css-1v9qo5x\">Vi blir allt \u00e4ldre och vi v\u00e5rdar inte l\u00e4ngre folk p\u00e5 sjukhus. <\/p>\n<p class=\"hyperion-css-1v9qo5x\">Det \u00e4r v\u00e4l d\u00e4r skon kl\u00e4mmer. Hemtj\u00e4nsten betyder att man kommit till livets slutstadium, vi vill inte placera oss sj\u00e4lva d\u00e4r. S\u00e5 vi bryr oss inte s\u00e5 l\u00e4nge vi inte beh\u00f6ver. <\/p>\n<p class=\"hyperion-css-1v9qo5x\">Och sen \u00e4r det alldeles f\u00f6r sent. <\/p>\n","protected":false},"excerpt":{"rendered":"share-arrowDela unsaveSpara expand-left helsk\u00e4rmTuva Branberg har arbetat fem \u00e5r i hemtj\u00e4nsten \u2013 det \u00e4r ovanligt l\u00e4nge. H\u00e4r \u00e4r&hellip;\n","protected":false},"author":2,"featured_media":132165,"comment_status":"","ping_status":"","sticky":false,"template":"","format":"standard","meta":{"footnotes":""},"categories":[5],"tags":[22,23,26,27,17,21,24,25,28,29,15,16,18,34,31,33,32,30,19,20],"class_list":{"0":"post-132164","1":"post","2":"type-post","3":"status-publish","4":"format-standard","5":"has-post-thumbnail","7":"category-rubriker","8":"tag-breaking-news","9":"tag-breakingnews","10":"tag-featured-news","11":"tag-featurednews","12":"tag-headlines","13":"tag-huvudnyheter","14":"tag-latest-news","15":"tag-latestnews","16":"tag-main-news","17":"tag-mainnews","18":"tag-news","19":"tag-nyheter","20":"tag-rubriker","21":"tag-se","22":"tag-svenska","23":"tag-sverige","24":"tag-sweden","25":"tag-swedish","26":"tag-top-stories","27":"tag-topstories"},"share_on_mastodon":{"url":"https:\/\/pubeurope.com\/@se\/115876052524269784","error":""},"_links":{"self":[{"href":"https:\/\/www.europesays.com\/se\/wp-json\/wp\/v2\/posts\/132164","targetHints":{"allow":["GET"]}}],"collection":[{"href":"https:\/\/www.europesays.com\/se\/wp-json\/wp\/v2\/posts"}],"about":[{"href":"https:\/\/www.europesays.com\/se\/wp-json\/wp\/v2\/types\/post"}],"author":[{"embeddable":true,"href":"https:\/\/www.europesays.com\/se\/wp-json\/wp\/v2\/users\/2"}],"replies":[{"embeddable":true,"href":"https:\/\/www.europesays.com\/se\/wp-json\/wp\/v2\/comments?post=132164"}],"version-history":[{"count":0,"href":"https:\/\/www.europesays.com\/se\/wp-json\/wp\/v2\/posts\/132164\/revisions"}],"wp:featuredmedia":[{"embeddable":true,"href":"https:\/\/www.europesays.com\/se\/wp-json\/wp\/v2\/media\/132165"}],"wp:attachment":[{"href":"https:\/\/www.europesays.com\/se\/wp-json\/wp\/v2\/media?parent=132164"}],"wp:term":[{"taxonomy":"category","embeddable":true,"href":"https:\/\/www.europesays.com\/se\/wp-json\/wp\/v2\/categories?post=132164"},{"taxonomy":"post_tag","embeddable":true,"href":"https:\/\/www.europesays.com\/se\/wp-json\/wp\/v2\/tags?post=132164"}],"curies":[{"name":"wp","href":"https:\/\/api.w.org\/{rel}","templated":true}]}}