{"id":132168,"date":"2026-01-11T10:48:42","date_gmt":"2026-01-11T10:48:42","guid":{"rendered":"https:\/\/www.europesays.com\/se\/132168\/"},"modified":"2026-01-11T10:48:42","modified_gmt":"2026-01-11T10:48:42","slug":"europeer-tror-att-andra-drabbas-mest-av-klimatforandringarna","status":"publish","type":"post","link":"https:\/\/www.europesays.com\/se\/132168\/","title":{"rendered":"Europ\u00e9er tror att andra drabbas mest av klimatf\u00f6r\u00e4ndringarna"},"content":{"rendered":"<p>\n                    Trots att europ\u00e9er  under senare \u00e5r har drabbats av flera naturkatastrofer som f\u00f6rv\u00e4rrats av klimatf\u00f6r\u00e4ndringarna anser europ\u00e9erna att det \u00e4r h\u00f6gre risk att klimatf\u00f6r\u00e4ndringarna drabbar andra \u00e4n de sj\u00e4lva. Bilden visar \u00f6versv\u00e4mningen i Valencia, Spanien, i slutet av oktober 2024.Foto: Alberto Saiz\/AP\n            <\/p>\n<p class=\"article__sublead\">Andra i v\u00e4rlden har h\u00f6gre risk att drabbas av klimatf\u00f6r\u00e4ndringar \u00e4n jag sj\u00e4lv. Det tror framf\u00f6r allt europ\u00e9er, visar en ny stor studie med drygt 70 000 deltagare.<br \/>\u00a0\u2013 Det \u00e4r j\u00e4ttekonstigt. D\u00e5 kanske du inte f\u00f6rst\u00e5r att det \u00e4r en risk som du borde g\u00f6ra n\u00e5got \u00e5t, s\u00e4ger P\u00e4r Bj\u00e4lkebring, universitetslektor i psykologi.<\/p>\n","protected":false},"excerpt":{"rendered":"Trots att europ\u00e9er under senare \u00e5r har drabbats av flera naturkatastrofer som f\u00f6rv\u00e4rrats av klimatf\u00f6r\u00e4ndringarna anser europ\u00e9erna att&hellip;\n","protected":false},"author":2,"featured_media":132169,"comment_status":"","ping_status":"","sticky":false,"template":"","format":"standard","meta":{"footnotes":""},"categories":[14],"tags":[22,23,26,27,17,21,24,25,28,29,15,16,18,34,31,33,32,30,19,20,51,52,53,54],"class_list":{"0":"post-132168","1":"post","2":"type-post","3":"status-publish","4":"format-standard","5":"has-post-thumbnail","7":"category-varlden","8":"tag-breaking-news","9":"tag-breakingnews","10":"tag-featured-news","11":"tag-featurednews","12":"tag-headlines","13":"tag-huvudnyheter","14":"tag-latest-news","15":"tag-latestnews","16":"tag-main-news","17":"tag-mainnews","18":"tag-news","19":"tag-nyheter","20":"tag-rubriker","21":"tag-se","22":"tag-svenska","23":"tag-sverige","24":"tag-sweden","25":"tag-swedish","26":"tag-top-stories","27":"tag-topstories","28":"tag-varlden","29":"tag-world","30":"tag-world-news","31":"tag-worldnews"},"share_on_mastodon":{"url":"https:\/\/pubeurope.com\/@se\/115876076172582582","error":""},"_links":{"self":[{"href":"https:\/\/www.europesays.com\/se\/wp-json\/wp\/v2\/posts\/132168","targetHints":{"allow":["GET"]}}],"collection":[{"href":"https:\/\/www.europesays.com\/se\/wp-json\/wp\/v2\/posts"}],"about":[{"href":"https:\/\/www.europesays.com\/se\/wp-json\/wp\/v2\/types\/post"}],"author":[{"embeddable":true,"href":"https:\/\/www.europesays.com\/se\/wp-json\/wp\/v2\/users\/2"}],"replies":[{"embeddable":true,"href":"https:\/\/www.europesays.com\/se\/wp-json\/wp\/v2\/comments?post=132168"}],"version-history":[{"count":0,"href":"https:\/\/www.europesays.com\/se\/wp-json\/wp\/v2\/posts\/132168\/revisions"}],"wp:featuredmedia":[{"embeddable":true,"href":"https:\/\/www.europesays.com\/se\/wp-json\/wp\/v2\/media\/132169"}],"wp:attachment":[{"href":"https:\/\/www.europesays.com\/se\/wp-json\/wp\/v2\/media?parent=132168"}],"wp:term":[{"taxonomy":"category","embeddable":true,"href":"https:\/\/www.europesays.com\/se\/wp-json\/wp\/v2\/categories?post=132168"},{"taxonomy":"post_tag","embeddable":true,"href":"https:\/\/www.europesays.com\/se\/wp-json\/wp\/v2\/tags?post=132168"}],"curies":[{"name":"wp","href":"https:\/\/api.w.org\/{rel}","templated":true}]}}