{"id":13217,"date":"2025-08-25T10:48:09","date_gmt":"2025-08-25T10:48:09","guid":{"rendered":"https:\/\/www.europesays.com\/se\/13217\/"},"modified":"2025-08-25T10:48:09","modified_gmt":"2025-08-25T10:48:09","slug":"ola-salo-jesus-inspirerar-med-radikal-odmjukhet","status":"publish","type":"post","link":"https:\/\/www.europesays.com\/se\/13217\/","title":{"rendered":"Ola Salo: \u201dJesus inspirerar med radikal \u00f6dmjukhet&#8221;"},"content":{"rendered":"<p>\n          Nyhet<br \/>\n      |<\/p>\n<p>        Publicerad: 25 Augusti 2025 11:20<\/p>\n<p>Ola Salo har just avslutat sin roll som Willy Wonka p\u00e5 G\u00f6teborgsoperan n\u00e4r vi ses i Malm\u00f6 i maj. Nu v\u00e4ntar Diggiloo-turne och till h\u00f6sten en turn\u00e9 med scen-brodern Peter J\u00f6back.<\/p>\n<p>Samtalet om var Ola ska st\u00e4lla Jesus tar formen av en resa i hans andliga utveckling. Fr\u00e5n uppv\u00e4xten i pr\u00e4stg\u00e5rden och tryggheten i kyrkans liv i det lilla samh\u00e4llet i Sm\u00e5land, via universitetsstudier, vistelsen p\u00e5 ett Ashram i Indien, \u00f6vers\u00e4ttning av \u201dJesus Christ Superstar\u201d till d\u00e4r han \u00e4r idag. Jesus som f\u00f6rebild har f\u00f6ljt med p\u00e5 hela resan. Som inspiration p\u00e5 m\u00e5nga olika s\u00e4tt.<\/p>\n<p>Sju sorters kakor<\/p>\n<p>\u2013 Ja, Jesus \u00e4r otroligt inspirerande med en radikal \u00f6dmjukhet att den st\u00f6rsta av er ska vara alla andras tj\u00e4nare, med en orginell id\u00e9 om uppror utan v\u00e5ld och att han summerar en oytlighet. Det som \u00e4r materiellt, status, popularitet, flyktig njutning, makt, tillgjordhet, pr\u00e4ktighet och fromhet betyder ingenting, s\u00e4ger Ola Salo.<\/p>\n<p>Vi m\u00f6ttes f\u00f6rsta g\u00e5ngen n\u00e4r jag skulle g\u00f6ra ett researchsamtal f\u00f6r ett TV-program och kom att prata om de liknande upplevelserna av att v\u00e4xa upp i en pr\u00e4stfamilj i ett samh\u00e4lle p\u00e5 landet. Gudstj\u00e4nster, bordsb\u00f6n, julafton p\u00e5 \u00e5lderdomshemmet och syf\u00f6reningsm\u00f6ten med sju sorters kakor. Ola har dagen till \u00e4ra st\u00e4llt fram ett dignande kakfat, och ber lite om urs\u00e4kt att det bara av fyra kakor.<\/p>\n<p>Dostojevskij och Freud<\/p>\n<p>Det var ocks\u00e5 minnet av det f\u00f6rsta samtalet inf\u00f6r TV-programmet som spelade stor roll i tillkomsten av podden \u201dVar ska jag st\u00e4lla Jesus\u201d.<\/p>\n<p>\u2013H\u00e4ftigt, vad hedrande och kul att ha f\u00e5tt vara en del i att det h\u00e4r har blivit till, s\u00e4ger Ola Salo.<\/p>\n<p>Samtalet i det h\u00e4r poddavsnittet blir dyker ganska direkt ned p\u00e5 djupet. I tankar, teorier kring Jesus som person, Jesus som Kristus, kyrkans roll, Dostojevskij, Freud och modern psykologi, men kanske framf\u00f6r allt Paulus. S\u00e5 mycket att man kanske till och med skulle kunna kalla detta avsnitt f\u00f6r \u201dVar ska jag st\u00e4lla Paulus\u201d<\/p>\n<p>        Fakta:<\/p>\n<p>Kyrkans Tidningens poddserie \u201dVar ska jag st\u00e4lla Jesus\u201d finns b\u00e5de p\u00e5 tidningens hemsida och p\u00e5 Spotify.<\/p>\n<p>I podden tar kulturjournalisten Agneta Stefansson hj\u00e4lp av k\u00e4nda personer f\u00f6r att svara p\u00e5 den fr\u00e5ga hon sj\u00e4lv har brottats med efter sin egen uppv\u00e4xt i kyrkan.<\/p>\n<p>De som intervjuas \u00e4r matprofilen <a href=\"https:\/\/www.kyrkanstidning.se\/nyhet\/edward-blom-maltiden-ar-sjalva-centrum\" rel=\"nofollow noopener\" target=\"_blank\"><strong>Edward Blom<\/strong><\/a>, bloggaren \u201dUnderbara Clara\u201d <a href=\"https:\/\/www.kyrkanstidning.se\/nyhet\/sjalvklar-och-odramatisk-att-vara-troende-underbara-clara\" rel=\"nofollow noopener\" target=\"_blank\"><strong>Clara Lidstr\u00f6m<\/strong><\/a>, dramatikern och sk\u00e5despelaren <a href=\"https:\/\/www.kyrkanstidning.se\/nyhet\/staffan-westerberg-overlever-med-doden-som-kompis\" rel=\"nofollow noopener\" target=\"_blank\"><strong>Staffan Westerberg<\/strong><\/a>, f\u00f6rfattaren <a href=\"https:\/\/www.kyrkanstidning.se\/nyhet\/forfattaren-asa-larsson-om-att-forlata-sig-sjalv\" rel=\"nofollow noopener\" target=\"_blank\"><strong>\u00c5sa Larsson<\/strong><\/a> och artisterna <a href=\"https:\/\/www.kyrkanstidning.se\/nyhet\/gladys-del-pilars-adoptivmamma-gav-henne-tro-genom-sitt-satt-att-vara\" rel=\"nofollow noopener\" target=\"_blank\"><strong>Gladys del Pilar<\/strong><\/a>, <a href=\"https:\/\/www.kyrkanstidning.se\/nyhet\/py-backman-var-kyrkan-sjalvklar-i-barndomen\" rel=\"nofollow noopener\" target=\"_blank\"><strong>Py B\u00e4ckman<\/strong><\/a> och <a href=\"https:\/\/www.kyrkanstidning.se\/nyhet\/gospelsangare-med-soul-i-hjartat\" rel=\"nofollow noopener\" target=\"_blank\"><strong>Samuel Ljungblahd,<\/strong><\/a> radioprogramledaren <a href=\"https:\/\/www.kyrkanstidning.se\/nyhet\/varfor-ska-jag-behova-brottas-med-min-tro\" rel=\"nofollow noopener\" target=\"_blank\"><strong>Annika Lantz<\/strong><\/a>, pr\u00e4sten och satirtecknaren <a href=\"https:\/\/www.kyrkanstidning.se\/nyhet\/kent-wisti-ville-bli-prast-redan-som-femaring\" rel=\"nofollow noopener\" target=\"_blank\"><strong>Kent Wisti<\/strong><\/a>, religionsvetaren <a href=\"https:\/\/www.kyrkanstidning.se\/nyhet\/david-thurfjell-det-fanns-ett-allvar-i-familjen-nar-jag-vaxte-upp\" rel=\"nofollow noopener\" target=\"_blank\"><strong>David Thurfjell<\/strong><\/a> och artisten <a href=\"https:\/\/www.kyrkanstidning.se\/nyhet\/nar-jesus-verkar-andras-ditt-liv-automatikst\" rel=\"nofollow noopener\" target=\"_blank\"><strong>Gustaf Nor\u00e9n<\/strong><\/a>, journalisten <a href=\"https:\/\/www.kyrkanstidning.se\/nyhet\/helena-von-zweigbergk-det-ar-en-plikt-att-tro-pa-att-det-finns-godhet\" rel=\"nofollow noopener\" target=\"_blank\"><strong>Helena von Zweigbergk<\/strong><\/a>, komikern <a href=\"https:\/\/www.kyrkanstidning.se\/nyhet\/karin-adelskold-jag-hade-tankt-bli-prast-men-blev-clown-istallet\" rel=\"nofollow noopener\" target=\"_blank\"><strong>Karin Adelsk\u00f6ld<\/strong><\/a>, pr\u00e4sten <a href=\"https:\/\/www.kyrkanstidning.se\/nyhet\/camilla-lif-kyrkan-kan-vara-en-rost-som-lugnar-ned-varlden\" rel=\"nofollow noopener\" target=\"_blank\"><strong>Camilla Lif<\/strong><\/a>, programledaren <a href=\"https:\/\/www.kyrkanstidning.se\/nyhet\/jag-kande-mig-kidnappad-av-jesus\" rel=\"nofollow noopener\" target=\"_blank\"><strong>Pekka Heino<\/strong><\/a>, och chefredakt\u00f6ren, f\u00f6rfattaren <a href=\"https:\/\/www.kyrkanstidning.se\/nyhet\/goran-greider-berattelsen-om-emmaus-passar-bra-en-modern-manniska\" rel=\"nofollow noopener\" target=\"_blank\"><strong>G\u00f6ran Greider<\/strong><\/a>, <a href=\"https:\/\/www.kyrkanstidning.se\/nyhet\/kg-hammar-jag-unnade-mig-en-omplantering-till\" rel=\"nofollow noopener\" target=\"_blank\"><strong>KG Hammar<\/strong><\/a>, \u00e4rkebiskop emeritus,\u00a0f\u00f6rfattaren <a href=\"https:\/\/www.kyrkanstidning.se\/nyhet\/lasse-berg-under-mitt-liv-har-varlden-blivit-sa-otroligt-mycket-battre\" rel=\"nofollow noopener\" target=\"_blank\"><strong>Lasse Berg<\/strong><\/a>, musikern och skribenten <a href=\"https:\/\/www.kyrkanstidning.se\/nyhet\/tomas-andersson-wij-jesus-pekar-pa-en-mojlighet-i-varje-manniska\" rel=\"nofollow noopener\" target=\"_blank\"><strong>Tomas Andersson Wij<\/strong><\/a>, artisten och l\u00e5tskrivaren <a href=\"https:\/\/www.kyrkanstidning.se\/nyhet\/monica-tornell-min-favoritscen-i-bibeln-ar-nar-jesus-kor-ut-folk-ur-templet\" rel=\"nofollow noopener\" target=\"_blank\"><strong>Monica T\u00f6rnell<\/strong><\/a>, artisten <a href=\"https:\/\/www.kyrkanstidning.se\/nyhet\/sonja-alden-min-bon-kan-vara-som-en-omtanke-eller-en-onskan\" rel=\"nofollow noopener\" target=\"_blank\"><strong>Sonja Ald\u00e9n<\/strong><\/a>, programledaren<strong> <\/strong><a href=\"https:\/\/www.kyrkanstidning.se\/nyhet\/rickard-sjoberg-hur-ar-det-att-vaxa-upp-i-en-familj-som-inte-gar-i-kyrkan\" rel=\"nofollow noopener\" target=\"_blank\"><strong>Rickard Sj\u00f6berg<\/strong><\/a>.\u00a0<\/p>\n","protected":false},"excerpt":{"rendered":"Nyhet | Publicerad: 25 Augusti 2025 11:20 Ola Salo har just avslutat sin roll som Willy Wonka p\u00e5&hellip;\n","protected":false},"author":2,"featured_media":13218,"comment_status":"","ping_status":"","sticky":false,"template":"","format":"standard","meta":{"footnotes":""},"categories":[67],"tags":[445,104,513,194,515,516,511,16,510,34,31,33,32,30,512,105,514],"class_list":{"0":"post-13217","1":"post","2":"type-post","3":"status-publish","4":"format-standard","5":"has-post-thumbnail","7":"category-underhallning","8":"tag-debatt","9":"tag-entertainment","10":"tag-forsamlingsliv","11":"tag-kultur","12":"tag-kyrka","13":"tag-kyrkliga-nyheter","14":"tag-ledare","15":"tag-nyheter","16":"tag-nyhetsfordjupning","17":"tag-se","18":"tag-svenska","19":"tag-sverige","20":"tag-sweden","21":"tag-swedish","22":"tag-teologi","23":"tag-underhallning","24":"tag-webb-tv"},"share_on_mastodon":{"url":"","error":""},"_links":{"self":[{"href":"https:\/\/www.europesays.com\/se\/wp-json\/wp\/v2\/posts\/13217","targetHints":{"allow":["GET"]}}],"collection":[{"href":"https:\/\/www.europesays.com\/se\/wp-json\/wp\/v2\/posts"}],"about":[{"href":"https:\/\/www.europesays.com\/se\/wp-json\/wp\/v2\/types\/post"}],"author":[{"embeddable":true,"href":"https:\/\/www.europesays.com\/se\/wp-json\/wp\/v2\/users\/2"}],"replies":[{"embeddable":true,"href":"https:\/\/www.europesays.com\/se\/wp-json\/wp\/v2\/comments?post=13217"}],"version-history":[{"count":0,"href":"https:\/\/www.europesays.com\/se\/wp-json\/wp\/v2\/posts\/13217\/revisions"}],"wp:featuredmedia":[{"embeddable":true,"href":"https:\/\/www.europesays.com\/se\/wp-json\/wp\/v2\/media\/13218"}],"wp:attachment":[{"href":"https:\/\/www.europesays.com\/se\/wp-json\/wp\/v2\/media?parent=13217"}],"wp:term":[{"taxonomy":"category","embeddable":true,"href":"https:\/\/www.europesays.com\/se\/wp-json\/wp\/v2\/categories?post=13217"},{"taxonomy":"post_tag","embeddable":true,"href":"https:\/\/www.europesays.com\/se\/wp-json\/wp\/v2\/tags?post=13217"}],"curies":[{"name":"wp","href":"https:\/\/api.w.org\/{rel}","templated":true}]}}