{"id":132170,"date":"2026-01-11T10:49:06","date_gmt":"2026-01-11T10:49:06","guid":{"rendered":"https:\/\/www.europesays.com\/se\/132170\/"},"modified":"2026-01-11T10:49:06","modified_gmt":"2026-01-11T10:49:06","slug":"stopp-pa-hisingsbron-igen-bommar-fastnar-i-kylan","status":"publish","type":"post","link":"https:\/\/www.europesays.com\/se\/132170\/","title":{"rendered":"Stopp p\u00e5 Hisingsbron igen \u2013 bommar fastnar i kylan"},"content":{"rendered":"<p>Sj\u00e4lva bron fastnade \u00e4ven den tidigare under s\u00f6ndagsmorgonen i \u00f6ppet l\u00e4ge, vilket avhj\u00e4lptes vid 7-tiden.<\/p>\n<p>Malin Ulfhager, presstalesperson p\u00e5 V\u00e4sttrafik, s\u00e4ger att kollektivtrafiken leddes om och att extra b\u00e5tavg\u00e5ngar skulle s\u00e4ttas in mellan Stenpiren och Lindholmen fr\u00e5n klockan 9.<\/p>\n<p>\u2013 Det stod sp\u00e5rvagnar p\u00e5 bron som sl\u00e4ppt av sina resen\u00e4rer och yttre trafikledare har hj\u00e4lpt bussar att v\u00e4nda p\u00e5 bron, s\u00e4ger hon.<\/p>\n<p>Trafiken kunde vid 9-tiden sl\u00e4ppas p\u00e5 igen men \u00e4r sedan 11.30-tiden \u00e5terigen stoppad.<\/p>\n","protected":false},"excerpt":{"rendered":"Sj\u00e4lva bron fastnade \u00e4ven den tidigare under s\u00f6ndagsmorgonen i \u00f6ppet l\u00e4ge, vilket avhj\u00e4lptes vid 7-tiden. Malin Ulfhager, presstalesperson&hellip;\n","protected":false},"author":2,"featured_media":132171,"comment_status":"","ping_status":"","sticky":false,"template":"","format":"standard","meta":{"footnotes":""},"categories":[12],"tags":[22,23,26,27,17,21,24,25,28,29,15,16,18,34,31,33,32,30,19,20],"class_list":{"0":"post-132170","1":"post","2":"type-post","3":"status-publish","4":"format-standard","5":"has-post-thumbnail","7":"category-sverige","8":"tag-breaking-news","9":"tag-breakingnews","10":"tag-featured-news","11":"tag-featurednews","12":"tag-headlines","13":"tag-huvudnyheter","14":"tag-latest-news","15":"tag-latestnews","16":"tag-main-news","17":"tag-mainnews","18":"tag-news","19":"tag-nyheter","20":"tag-rubriker","21":"tag-se","22":"tag-svenska","23":"tag-sverige","24":"tag-sweden","25":"tag-swedish","26":"tag-top-stories","27":"tag-topstories"},"share_on_mastodon":{"url":"https:\/\/pubeurope.com\/@se\/115876080053728895","error":""},"_links":{"self":[{"href":"https:\/\/www.europesays.com\/se\/wp-json\/wp\/v2\/posts\/132170","targetHints":{"allow":["GET"]}}],"collection":[{"href":"https:\/\/www.europesays.com\/se\/wp-json\/wp\/v2\/posts"}],"about":[{"href":"https:\/\/www.europesays.com\/se\/wp-json\/wp\/v2\/types\/post"}],"author":[{"embeddable":true,"href":"https:\/\/www.europesays.com\/se\/wp-json\/wp\/v2\/users\/2"}],"replies":[{"embeddable":true,"href":"https:\/\/www.europesays.com\/se\/wp-json\/wp\/v2\/comments?post=132170"}],"version-history":[{"count":0,"href":"https:\/\/www.europesays.com\/se\/wp-json\/wp\/v2\/posts\/132170\/revisions"}],"wp:featuredmedia":[{"embeddable":true,"href":"https:\/\/www.europesays.com\/se\/wp-json\/wp\/v2\/media\/132171"}],"wp:attachment":[{"href":"https:\/\/www.europesays.com\/se\/wp-json\/wp\/v2\/media?parent=132170"}],"wp:term":[{"taxonomy":"category","embeddable":true,"href":"https:\/\/www.europesays.com\/se\/wp-json\/wp\/v2\/categories?post=132170"},{"taxonomy":"post_tag","embeddable":true,"href":"https:\/\/www.europesays.com\/se\/wp-json\/wp\/v2\/tags?post=132170"}],"curies":[{"name":"wp","href":"https:\/\/api.w.org\/{rel}","templated":true}]}}