{"id":132176,"date":"2026-01-11T10:58:25","date_gmt":"2026-01-11T10:58:25","guid":{"rendered":"https:\/\/www.europesays.com\/se\/132176\/"},"modified":"2026-01-11T10:58:25","modified_gmt":"2026-01-11T10:58:25","slug":"kulturkanon-regeringens-morgongava-till-sverigedemokraterna","status":"publish","type":"post","link":"https:\/\/www.europesays.com\/se\/132176\/","title":{"rendered":"Kulturkanon \u2013 \u201dregeringens morgong\u00e5va till Sverigedemokraterna\u201d"},"content":{"rendered":"<p>\tKulturkanon \u2013 \u201dregeringens morgong\u00e5va till Sverigedemokraterna\u201d &#8211; Aktuellt i Politiken<\/p>\n<p>M\u00e5nga remissinstanser \u00e4r inte n\u00e5diga till regeringens f\u00f6rslag med kulturkanon och hur den ska implementeras. Fackf\u00f6rbundet DIK, som inte bj\u00f6ds in att skriva ett remissvar, kallar projektet f\u00f6r \u201dregeringens morgong\u00e5va till Sverigedemokraterna i Tid\u00f6\u00e4ktenskapet\u201d i en debattartikel. <\/p>\n<p>Vi anv\u00e4nder cookies, inklusive annan sp\u00e5rningsteknik fr\u00e5n tredjepartsutgivare f\u00f6r att ge dig en b\u00e4ttre l\u00e4supplevelse p\u00e5 v\u00e5r hemsida. F\u00f6r detta \u00e4ndam\u00e5l samlar vi in information om anv\u00e4ndare, surfm\u00f6nster och enheter. Genom att klicka p\u00e5 Till\u00e5t alla cookies godk\u00e4nner du detta, och samtycker till att vi delar den h\u00e4r informationen med tredje part. Om du vill kan du ist\u00e4llet v\u00e4lja att forts\u00e4tta med Endast n\u00f6dv\u00e4ndiga cookies.Till\u00e5t alla cookiesEndast n\u00f6dv\u00e4ndiga cookiesIntegritets\u00adpolicy<\/p>\n<p>Du kan \u00e5terkalla ditt samtycke n\u00e4r som helst genom att anv\u00e4nda knappen \u00e5terkalla samtycke.\u00c5terkalla samtycke\n\t\t\t<\/p>\n","protected":false},"excerpt":{"rendered":"Kulturkanon \u2013 \u201dregeringens morgong\u00e5va till Sverigedemokraterna\u201d &#8211; Aktuellt i Politiken M\u00e5nga remissinstanser \u00e4r inte n\u00e5diga till regeringens f\u00f6rslag&hellip;\n","protected":false},"author":2,"featured_media":132177,"comment_status":"","ping_status":"","sticky":false,"template":"","format":"standard","meta":{"footnotes":""},"categories":[12],"tags":[22,23,26,27,17,21,194,24,25,13486,28,29,15,16,18,34,31,33,32,30,12232,19,20],"class_list":{"0":"post-132176","1":"post","2":"type-post","3":"status-publish","4":"format-standard","5":"has-post-thumbnail","7":"category-sverige","8":"tag-breaking-news","9":"tag-breakingnews","10":"tag-featured-news","11":"tag-featurednews","12":"tag-headlines","13":"tag-huvudnyheter","14":"tag-kultur","15":"tag-latest-news","16":"tag-latestnews","17":"tag-litteraturkanon","18":"tag-main-news","19":"tag-mainnews","20":"tag-news","21":"tag-nyheter","22":"tag-rubriker","23":"tag-se","24":"tag-svenska","25":"tag-sverige","26":"tag-sweden","27":"tag-swedish","28":"tag-tidoregeringen","29":"tag-top-stories","30":"tag-topstories"},"share_on_mastodon":{"url":"https:\/\/pubeurope.com\/@se\/115876115417417886","error":""},"_links":{"self":[{"href":"https:\/\/www.europesays.com\/se\/wp-json\/wp\/v2\/posts\/132176","targetHints":{"allow":["GET"]}}],"collection":[{"href":"https:\/\/www.europesays.com\/se\/wp-json\/wp\/v2\/posts"}],"about":[{"href":"https:\/\/www.europesays.com\/se\/wp-json\/wp\/v2\/types\/post"}],"author":[{"embeddable":true,"href":"https:\/\/www.europesays.com\/se\/wp-json\/wp\/v2\/users\/2"}],"replies":[{"embeddable":true,"href":"https:\/\/www.europesays.com\/se\/wp-json\/wp\/v2\/comments?post=132176"}],"version-history":[{"count":0,"href":"https:\/\/www.europesays.com\/se\/wp-json\/wp\/v2\/posts\/132176\/revisions"}],"wp:featuredmedia":[{"embeddable":true,"href":"https:\/\/www.europesays.com\/se\/wp-json\/wp\/v2\/media\/132177"}],"wp:attachment":[{"href":"https:\/\/www.europesays.com\/se\/wp-json\/wp\/v2\/media?parent=132176"}],"wp:term":[{"taxonomy":"category","embeddable":true,"href":"https:\/\/www.europesays.com\/se\/wp-json\/wp\/v2\/categories?post=132176"},{"taxonomy":"post_tag","embeddable":true,"href":"https:\/\/www.europesays.com\/se\/wp-json\/wp\/v2\/tags?post=132176"}],"curies":[{"name":"wp","href":"https:\/\/api.w.org\/{rel}","templated":true}]}}