{"id":132183,"date":"2026-01-11T11:15:13","date_gmt":"2026-01-11T11:15:13","guid":{"rendered":"https:\/\/www.europesays.com\/se\/132183\/"},"modified":"2026-01-11T11:15:13","modified_gmt":"2026-01-11T11:15:13","slug":"aldre-kvinnor-ska-inte-behova-do-i-brostcancer","status":"publish","type":"post","link":"https:\/\/www.europesays.com\/se\/132183\/","title":{"rendered":"\u00c4ldre kvinnor ska inte beh\u00f6va d\u00f6 i br\u00f6stcancer"},"content":{"rendered":"<p>Ministrarna: Slopa \u00e5ldersgr\u00e4nsen f\u00f6r br\u00f6stcancerscreening<img decoding=\"async\" class=\"image-asset hyperion-css-n6kkq1\" data-test-tag=\"image-asset\" src=\"https:\/\/www.europesays.com\/se\/wp-content\/uploads\/2025\/08\/ab-icon-circle-quote@2x.png\"  alt=\"\"  loading=\"lazy\" fetchpriority=\"auto\" style=\"aspect-ratio:16 \/ 16\"\/><\/p>\n<p class=\"boxtextgrotesk-root_baa6 hyperion-css-qkznpo\"><strong>Detta \u00e4r en debattartikel.<\/strong> Det \u00e4r skribenten som st\u00e5r f\u00f6r \u00e5sikterna som f\u00f6rs fram i texten, inte Aftonbladet.<\/p>\n<p>share-arrowDela<\/p>\n<p>unsaveSpara<\/p>\n<p>expand-left<\/p>\n<p>helsk\u00e4rm<img decoding=\"async\" class=\"image-asset hyperion-css-u06ts1\" data-test-tag=\"image-asset\" src=\"https:\/\/www.europesays.com\/se\/wp-content\/uploads\/2026\/01\/c5bf1c05-8e95-46cc-8706-f8cffc55b194.jpeg\"  alt=\"En l\u00e4kare tittar p\u00e5 mammografibilder.\"  loading=\"eager\" fetchpriority=\"high\" style=\"aspect-ratio:1900 \/ 1054\"\/>En l\u00e4kare tittar p\u00e5 mammografibilder. Foto: Christine Olsson\/TT<\/p>\n<p class=\"hyperion-css-1v9qo5x\">DEBATT. I dag \u00e4r vi allt fler som lever allt l\u00e4ngre, samtidigt som vi l\u00e4gger fler friska \u00e5r till livet. Detta \u00e4r n\u00e5got vi som samh\u00e4lle ska vara stolta \u00f6ver.<\/p>\n<p class=\"hyperion-css-1v9qo5x\">Men i takt med att vi blir allt \u00e4ldre, har inte samh\u00e4llet anpassat sig f\u00f6r att m\u00f6ta de nya behov och m\u00f6jligheter som uppst\u00e5r med en f\u00f6r\u00e4ndrad demografi. Detta st\u00e4ller \u00f6kade krav p\u00e5 h\u00e4lso- och sjukv\u00e5rden i allm\u00e4nhet men principer baserade p\u00e5 f\u00f6rlegad forskning i synnerhet.<\/p>\n<blockquote data-test-tag=\"blockquote\" class=\"blockquote-content_747c\"><p>pullquoteF\u00f6rlegat och verklighetsfr\u00e5nv\u00e4nt<\/p><\/blockquote>\n<p class=\"hyperion-css-1v9qo5x\"><strong>\u00c5lderismen \u00e4r st\u00e4ndigt n\u00e4rvarande i samh\u00e4llet. Det syns p\u00e5 arbetsmarknaden, men den finns \u00e4ven inom sjukv\u00e5rden och forskningen. Enligt nuvarande rekommendationer kallas inte kvinnor till br\u00f6stcancerscreening efter att de har fyllt 75 \u00e5r, trots att var fj\u00e4rde br\u00f6stcancerdiagnos uppt\u00e4cks hos kvinnor som \u00e4r 75 \u00e5r eller \u00e4ldre. Efter 75 \u00e5r upph\u00f6r den systematiska screeningen trots att det nationella kvalitetsregistret f\u00f6r br\u00f6stcancer visar att cancertum\u00f6rer \u00e4r st\u00f6rre och i ett mer avancerat stadie av sjukdomen vid uppt\u00e4ckt hos kvinnor i \u00e5ldrarna 75 till 90 \u00e5r j\u00e4mf\u00f6rt med i \u00e5ldrarna 60 till 74 \u00e5r.<\/strong><\/p>\n<p class=\"hyperion-css-1v9qo5x\">M\u00e5nga reagerar nog med h\u00f6jda \u00f6gonbryn \u00f6ver det faktumet, men det blir \u00e4n mer f\u00f6rlegat och verklighetsfr\u00e5nv\u00e4nt n\u00e4r rekommendationerna helt enkelt grundar sig p\u00e5 att det inte finns n\u00e5gra studier om br\u00f6stcancerscreening f\u00f6r \u00e4ldre kvinnor. Det \u00e4r en stor brist. Det \u00e4r dock inget argument f\u00f6r att inte inf\u00f6ra br\u00f6stcancerscreening f\u00f6r gruppen. F\u00f6r kvinnor som blivit kallade hela vuxna livet och som har vant sig vid tryggheten att regelbundet genomg\u00e5 screening prioriteras i dagsl\u00e4get bort, n\u00e4r vikten av screening i allra h\u00f6gsta grad fortfarande finns kvar. Allt p\u00e5 grund av sin \u00e5lder. Det \u00e4r inte v\u00e4rdigt svensk v\u00e5rd.<\/p>\n<p class=\"hyperion-css-1v9qo5x\"><strong>Vikten av screeningen ska inte underskattas. Tidig uppt\u00e4ckt med screening f\u00f6rb\u00e4ttrar m\u00f6jligheterna att \u00f6verleva en br\u00f6stcancerdiagnos markant. Fler \u00e4n sju av tio uppt\u00e4ckta fall av br\u00f6stcancer sker med st\u00f6d av screening f\u00f6r kvinnor mellan 70 och 74 \u00e5r. Br\u00f6stcancerrapporten 1 fr\u00e5n f\u00f6rra \u00e5ret visar att d\u00f6dligheten i br\u00f6stcancer bland \u00e4ldre kvinnor skulle minska med cirka 30 procent om de fortsatt fick kallelser till regelbunden mammografi.<\/strong><\/p>\n<blockquote data-test-tag=\"blockquote\" class=\"blockquote-content_747c\"><p>pullquoteSlopa \u00e5ldersgr\u00e4nsen f\u00f6r br\u00f6stcancerscreening<\/p><\/blockquote>\n<p class=\"hyperion-css-1v9qo5x\">Vi moderater vill motverka \u00e5lderism samt r\u00e4dda fler kvinnors liv och f\u00f6resl\u00e5r d\u00e4rf\u00f6r att \u00e5ldersgr\u00e4nsen f\u00f6r br\u00f6stcancerscreening slopas. Det \u00e4r b\u00e5de r\u00e4tt och r\u00e4ttvist.<\/p>\n<p class=\"hyperion-css-1v9qo5x\"><strong>Men \u00e5lderismen hittar vi inom fler omr\u00e5den och f\u00f6r att vi ska vara b\u00e4ttre rustade m\u00e5ste \u00e4ven forskningen f\u00f6lja demografin och de kliniska studierna fortl\u00f6pa h\u00f6gre upp i \u00e5ldrarna inom fler omr\u00e5den. M\u00e5nga mediciner \u00e4r utvecklade f\u00f6r att fr\u00e4mja \u00e4ldres h\u00e4lsa, samtidigt som \u00e4ldre oftast inte \u00e4r representerade i kliniska studier. Sverige b\u00f6r ta en ledande roll i att utveckla b\u00e4ttre l\u00e4kemedelsbehandling och diagnostik f\u00f6r \u00e4ldre. Detta kr\u00e4ver mer forskning, riktlinjer som bygger p\u00e5 evidens f\u00f6r \u00e4ldre, och strukturerad uppf\u00f6ljning av till exempel l\u00e4kemedelsanv\u00e4ndning inom b\u00e5de prim\u00e4rv\u00e5rd och \u00e4ldreomsorg.<\/strong><\/p>\n<p class=\"hyperion-css-1v9qo5x\">Samh\u00e4llet beh\u00f6ver skyndsamt anpassa sig till den f\u00f6r\u00e4ndrade demografin s\u00e5 alla i Sverige, oavsett \u00e5lder, k\u00f6n eller postnummer, f\u00e5r en j\u00e4mlik v\u00e5rd f\u00f6r ett friskt liv \u2013 hela livet.<\/p>\n<p><img decoding=\"async\" class=\"image-asset hyperion-css-u06ts1\" data-test-tag=\"image-asset\" src=\"https:\/\/www.europesays.com\/se\/wp-content\/uploads\/2026\/01\/1768130112_18_de9f2348-8035-4a2d-9763-a962274ff7de.png\"  alt=\"\"  loading=\"eager\" fetchpriority=\"high\" style=\"aspect-ratio:1401 \/ 38\"\/><\/p>\n<p class=\"hyperion-css-1v9qo5x\"><strong>Anna Tenje<\/strong>, \u00e4ldre- och socialf\u00f6rs\u00e4kringsminister<\/p>\n<p class=\"hyperion-css-1v9qo5x\"><strong>Camilla Waltersson Gr\u00f6nvall<\/strong>, socialtj\u00e4nstminister<\/p>\n<p>expand-left<\/p>\n<p>helsk\u00e4rm<img decoding=\"async\" class=\"image-asset hyperion-css-u06ts1\" data-test-tag=\"image-asset\" src=\"https:\/\/www.europesays.com\/se\/wp-content\/uploads\/2026\/01\/9cf86c23-af92-47cb-b05d-56c186bed2ce.jpeg\"  alt=\"Vi moderater vill motverka \u00e5lderism samt r\u00e4dda fler kvinnors liv och f\u00f6resl\u00e5r d\u00e4rf\u00f6r att \u00e5ldersgr\u00e4nsen f\u00f6r br\u00f6stcancerscreening slopas, skriver undertecknarna.\"  loading=\"eager\" fetchpriority=\"high\" style=\"aspect-ratio:1200 \/ 627\"\/>Vi moderater vill motverka \u00e5lderism samt r\u00e4dda fler kvinnors liv och f\u00f6resl\u00e5r d\u00e4rf\u00f6r att \u00e5ldersgr\u00e4nsen f\u00f6r br\u00f6stcancerscreening slopas, skriver undertecknarna. Foto: Fredrik Wennerlund Och Dennis Alvd\u00e9nFAKTAS\u00e5 skriver du en debattartikel<\/p>\n<p class=\"hyperion-css-jonaf8\"><strong>Vill du ocks\u00e5 debattera? S\u00e5 h\u00e4r g\u00f6r du om du vill skicka in debattartiklar och ins\u00e4ndare till Aftonbladet Debatt.<\/strong><\/p>\n<p class=\"hyperion-css-jonaf8\">arrow Debattartikel:<\/p>\n<p class=\"hyperion-css-jonaf8\">Skriv runt 3 500 tecken inklusive blanksteg och mejla texten till debatt@aftonbladet.se<\/p>\n<p class=\"hyperion-css-jonaf8\">Skicka med bild p\u00e5 dig sj\u00e4lv och kontaktuppgifter. Vi l\u00e4ser och svarar s\u00e5 fort vi kan, oftast inom 24 timmar.<\/p>\n<p class=\"hyperion-css-jonaf8\">arrow Replik:<\/p>\n<p class=\"hyperion-css-jonaf8\">Skriv max 2 000 tecken inklusive blanksteg och mejla texten till debatt@aftonbladet.se<\/p>\n<p>L\u00e4s mer<\/p>\n","protected":false},"excerpt":{"rendered":"Ministrarna: Slopa \u00e5ldersgr\u00e4nsen f\u00f6r br\u00f6stcancerscreening Detta \u00e4r en debattartikel. Det \u00e4r skribenten som st\u00e5r f\u00f6r \u00e5sikterna som f\u00f6rs&hellip;\n","protected":false},"author":2,"featured_media":132184,"comment_status":"","ping_status":"","sticky":false,"template":"","format":"standard","meta":{"footnotes":""},"categories":[12],"tags":[22,23,26,27,17,21,24,25,28,29,15,16,18,34,31,33,32,30,19,20],"class_list":{"0":"post-132183","1":"post","2":"type-post","3":"status-publish","4":"format-standard","5":"has-post-thumbnail","7":"category-sverige","8":"tag-breaking-news","9":"tag-breakingnews","10":"tag-featured-news","11":"tag-featurednews","12":"tag-headlines","13":"tag-huvudnyheter","14":"tag-latest-news","15":"tag-latestnews","16":"tag-main-news","17":"tag-mainnews","18":"tag-news","19":"tag-nyheter","20":"tag-rubriker","21":"tag-se","22":"tag-svenska","23":"tag-sverige","24":"tag-sweden","25":"tag-swedish","26":"tag-top-stories","27":"tag-topstories"},"share_on_mastodon":{"url":"https:\/\/pubeurope.com\/@se\/115876182331479425","error":""},"_links":{"self":[{"href":"https:\/\/www.europesays.com\/se\/wp-json\/wp\/v2\/posts\/132183","targetHints":{"allow":["GET"]}}],"collection":[{"href":"https:\/\/www.europesays.com\/se\/wp-json\/wp\/v2\/posts"}],"about":[{"href":"https:\/\/www.europesays.com\/se\/wp-json\/wp\/v2\/types\/post"}],"author":[{"embeddable":true,"href":"https:\/\/www.europesays.com\/se\/wp-json\/wp\/v2\/users\/2"}],"replies":[{"embeddable":true,"href":"https:\/\/www.europesays.com\/se\/wp-json\/wp\/v2\/comments?post=132183"}],"version-history":[{"count":0,"href":"https:\/\/www.europesays.com\/se\/wp-json\/wp\/v2\/posts\/132183\/revisions"}],"wp:featuredmedia":[{"embeddable":true,"href":"https:\/\/www.europesays.com\/se\/wp-json\/wp\/v2\/media\/132184"}],"wp:attachment":[{"href":"https:\/\/www.europesays.com\/se\/wp-json\/wp\/v2\/media?parent=132183"}],"wp:term":[{"taxonomy":"category","embeddable":true,"href":"https:\/\/www.europesays.com\/se\/wp-json\/wp\/v2\/categories?post=132183"},{"taxonomy":"post_tag","embeddable":true,"href":"https:\/\/www.europesays.com\/se\/wp-json\/wp\/v2\/tags?post=132183"}],"curies":[{"name":"wp","href":"https:\/\/api.w.org\/{rel}","templated":true}]}}