{"id":132191,"date":"2026-01-11T11:24:16","date_gmt":"2026-01-11T11:24:16","guid":{"rendered":"https:\/\/www.europesays.com\/se\/132191\/"},"modified":"2026-01-11T11:24:16","modified_gmt":"2026-01-11T11:24:16","slug":"os-langt-borta-korde-ur-for-fjarde-gangen","status":"publish","type":"post","link":"https:\/\/www.europesays.com\/se\/132191\/","title":{"rendered":"OS l\u00e5ngt borta \u2013 k\u00f6rde ur f\u00f6r fj\u00e4rde g\u00e5ngen"},"content":{"rendered":"<p class=\"boxtextgrotesk-root_baa6 hyperion-css-1w346fg\">Uppdaterad 11.28 | Publicerad 11.26<\/p>\n<p>share-arrowDela<\/p>\n<p>unsaveSpara<\/p>\n<p>expand-left<\/p>\n<p>helsk\u00e4rm<img decoding=\"async\" class=\"image-asset hyperion-css-u06ts1\" data-test-tag=\"image-asset\" src=\"https:\/\/www.europesays.com\/se\/wp-content\/uploads\/2026\/01\/a45497c6-7853-4f26-b175-98edd8d7a63a.jpeg\"  alt=\"Kristoffer Jakobsen \u00e5ker ur under slalomens v\u00e4rldscupt\u00e4vling i Schweiz.\"  loading=\"eager\" fetchpriority=\"high\" style=\"aspect-ratio:1900 \/ 1267\"\/>Kristoffer Jakobsen \u00e5ker ur under slalomens v\u00e4rldscupt\u00e4vling i Schweiz. Foto: Giovanni Zenoni\/AP\/TT<\/p>\n<p class=\"hyperion-css-1shl3oz\" data-test-tag=\"lead-text\">Det vill sig inte f\u00f6r slalom\u00e5karen Kristoffer Jakobsen.<\/p>\n<p class=\"hyperion-css-1shl3oz\" data-test-tag=\"lead-text\">F\u00f6r fj\u00e4rde g\u00e5ngen p\u00e5 sex f\u00f6rs\u00f6k den h\u00e4r s\u00e4songen k\u00f6rde svensken ur.<\/p>\n<p class=\"hyperion-css-1v9qo5x\">OS i Milano och Cortina k\u00e4nns l\u00e5ngt borta f\u00f6r de svenska alpina herr\u00e5karna.<\/p>\n<p class=\"hyperion-css-1v9qo5x\">\u2013 Formen och prestationerna har inte varit i linje med det vi kr\u00e4ver, sade ordf\u00f6randen f\u00f6r Sveriges olympiska kommitt\u00e9 (SOK), Fredrik Joulamo, tidigare i veckan.<\/p>\n<p class=\"hyperion-css-1v9qo5x\">I v\u00e4rldscupt\u00e4vlingarna i Adelboden, Schweiz, gjorde <a data-test-tag=\"internal-link\" href=\"https:\/\/www.aftonbladet.se\/tagg\/kristoffer-jakobsen\" class=\"hyperion-css-15jkft9\" rel=\"nofollow noopener\" target=\"\" aria-label=\"Kristoffer Jakobsen\" theme=\"sportbladet\">Kristoffer Jakobsen<\/a> \u00e4nnu ett f\u00f6rs\u00f6k att visa upp n\u00e5got slags formbesked inf\u00f6r m\u00e4sterskapet.<\/p>\n<p class=\"hyperion-css-1v9qo5x\">D\u00e5 fick 31-\u00e5ringen ett felsk\u00e4r och \u00e5kte ur redan i det f\u00f6rsta \u00e5ket.<\/p>\n<p class=\"hyperion-css-1v9qo5x\">Sveriges OS-trupp ser nu ut att bli utan alpina herr\u00e5kare och ett tredje raka OS f\u00f6r Jakobsen k\u00e4nns avl\u00e4gset.<\/p>\n<p class=\"hyperion-css-1v9qo5x\">\u2013 Det skulle jag tycka vore j\u00e4ttetr\u00e5kigt och jag tror att de skulle k\u00e4nna samma sak. Vi vill skicka herralpin\u00e5kare \u2013 men vi har ocks\u00e5 ett uppdrag, och det bygger p\u00e5 att vi ska bed\u00f6ma att kapacitet f\u00f6r topp tolv finns, sade Joulamo ocks\u00e5.<\/p>\n","protected":false},"excerpt":{"rendered":"Uppdaterad 11.28 | Publicerad 11.26 share-arrowDela unsaveSpara expand-left helsk\u00e4rmKristoffer Jakobsen \u00e5ker ur under slalomens v\u00e4rldscupt\u00e4vling i Schweiz. Foto:&hellip;\n","protected":false},"author":2,"featured_media":132192,"comment_status":"","ping_status":"","sticky":false,"template":"","format":"standard","meta":{"footnotes":""},"categories":[5],"tags":[22,23,26,27,17,21,24,25,28,29,15,16,18,34,31,33,32,30,19,20],"class_list":{"0":"post-132191","1":"post","2":"type-post","3":"status-publish","4":"format-standard","5":"has-post-thumbnail","7":"category-rubriker","8":"tag-breaking-news","9":"tag-breakingnews","10":"tag-featured-news","11":"tag-featurednews","12":"tag-headlines","13":"tag-huvudnyheter","14":"tag-latest-news","15":"tag-latestnews","16":"tag-main-news","17":"tag-mainnews","18":"tag-news","19":"tag-nyheter","20":"tag-rubriker","21":"tag-se","22":"tag-svenska","23":"tag-sverige","24":"tag-sweden","25":"tag-swedish","26":"tag-top-stories","27":"tag-topstories"},"share_on_mastodon":{"url":"https:\/\/pubeurope.com\/@se\/115876217743245230","error":""},"_links":{"self":[{"href":"https:\/\/www.europesays.com\/se\/wp-json\/wp\/v2\/posts\/132191","targetHints":{"allow":["GET"]}}],"collection":[{"href":"https:\/\/www.europesays.com\/se\/wp-json\/wp\/v2\/posts"}],"about":[{"href":"https:\/\/www.europesays.com\/se\/wp-json\/wp\/v2\/types\/post"}],"author":[{"embeddable":true,"href":"https:\/\/www.europesays.com\/se\/wp-json\/wp\/v2\/users\/2"}],"replies":[{"embeddable":true,"href":"https:\/\/www.europesays.com\/se\/wp-json\/wp\/v2\/comments?post=132191"}],"version-history":[{"count":0,"href":"https:\/\/www.europesays.com\/se\/wp-json\/wp\/v2\/posts\/132191\/revisions"}],"wp:featuredmedia":[{"embeddable":true,"href":"https:\/\/www.europesays.com\/se\/wp-json\/wp\/v2\/media\/132192"}],"wp:attachment":[{"href":"https:\/\/www.europesays.com\/se\/wp-json\/wp\/v2\/media?parent=132191"}],"wp:term":[{"taxonomy":"category","embeddable":true,"href":"https:\/\/www.europesays.com\/se\/wp-json\/wp\/v2\/categories?post=132191"},{"taxonomy":"post_tag","embeddable":true,"href":"https:\/\/www.europesays.com\/se\/wp-json\/wp\/v2\/tags?post=132191"}],"curies":[{"name":"wp","href":"https:\/\/api.w.org\/{rel}","templated":true}]}}