{"id":132196,"date":"2026-01-11T11:29:06","date_gmt":"2026-01-11T11:29:06","guid":{"rendered":"https:\/\/www.europesays.com\/se\/132196\/"},"modified":"2026-01-11T11:29:06","modified_gmt":"2026-01-11T11:29:06","slug":"sporthandeln-jublar-efter-snon-helt-annat-tryck","status":"publish","type":"post","link":"https:\/\/www.europesays.com\/se\/132196\/","title":{"rendered":"Sporthandeln jublar efter sn\u00f6n: Helt annat tryck"},"content":{"rendered":"<p>De senaste veckornas sn\u00f6yra och kyla ger nu ett uppsving i f\u00f6rs\u00e4ljningen f\u00f6r Sveriges sportbutiker, skriver TT. <\/p>\n<p>Branschorganisationen Sportforums vd Jonas Linder uppger att handeln sv\u00e4ngt runt efter en deppig december som pr\u00e4glades av milt v\u00e4der. <\/p>\n<p>\u2013 Det blir ett helt annat tryck, s\u00e4ger han. <\/p>\n<p>\u00c4ven butikskedjan Alewalds vd Anders Engstr\u00f6m uppger att f\u00f6rs\u00e4ljningen tog fart i samband med att sn\u00f6n kom. <\/p>\n<p>Omni \u00e4r politiskt obundna och oberoende. Vi str\u00e4var efter att ge fler perspektiv p\u00e5 nyheterna. Har du fr\u00e5gor eller synpunkter kring v\u00e5r rapportering? <a href=\"https:\/\/omni.se\/sporthandeln-jublar-efter-snosmockan-helt-annat-tryck\/a\/mailto:redaktion@omni.se\" class=\"ArticleActions_contactLink__W2F1M\" rel=\"nofollow noopener\" target=\"_blank\">Kontakta redaktionen<\/a><\/p>\n","protected":false},"excerpt":{"rendered":"De senaste veckornas sn\u00f6yra och kyla ger nu ett uppsving i f\u00f6rs\u00e4ljningen f\u00f6r Sveriges sportbutiker, skriver TT. Branschorganisationen&hellip;\n","protected":false},"author":2,"featured_media":132197,"comment_status":"","ping_status":"","sticky":false,"template":"","format":"standard","meta":{"footnotes":""},"categories":[65],"tags":[72,70,71,951,34,31,33,32,30],"class_list":{"0":"post-132196","1":"post","2":"type-post","3":"status-publish","4":"format-standard","5":"has-post-thumbnail","7":"category-ekonomi","8":"tag-business","9":"tag-economy","10":"tag-ekonomi","11":"tag-handel-tjanster","12":"tag-se","13":"tag-svenska","14":"tag-sverige","15":"tag-sweden","16":"tag-swedish"},"share_on_mastodon":{"url":"https:\/\/pubeurope.com\/@se\/115876237302696710","error":""},"_links":{"self":[{"href":"https:\/\/www.europesays.com\/se\/wp-json\/wp\/v2\/posts\/132196","targetHints":{"allow":["GET"]}}],"collection":[{"href":"https:\/\/www.europesays.com\/se\/wp-json\/wp\/v2\/posts"}],"about":[{"href":"https:\/\/www.europesays.com\/se\/wp-json\/wp\/v2\/types\/post"}],"author":[{"embeddable":true,"href":"https:\/\/www.europesays.com\/se\/wp-json\/wp\/v2\/users\/2"}],"replies":[{"embeddable":true,"href":"https:\/\/www.europesays.com\/se\/wp-json\/wp\/v2\/comments?post=132196"}],"version-history":[{"count":0,"href":"https:\/\/www.europesays.com\/se\/wp-json\/wp\/v2\/posts\/132196\/revisions"}],"wp:featuredmedia":[{"embeddable":true,"href":"https:\/\/www.europesays.com\/se\/wp-json\/wp\/v2\/media\/132197"}],"wp:attachment":[{"href":"https:\/\/www.europesays.com\/se\/wp-json\/wp\/v2\/media?parent=132196"}],"wp:term":[{"taxonomy":"category","embeddable":true,"href":"https:\/\/www.europesays.com\/se\/wp-json\/wp\/v2\/categories?post=132196"},{"taxonomy":"post_tag","embeddable":true,"href":"https:\/\/www.europesays.com\/se\/wp-json\/wp\/v2\/tags?post=132196"}],"curies":[{"name":"wp","href":"https:\/\/api.w.org\/{rel}","templated":true}]}}