{"id":132198,"date":"2026-01-11T11:32:10","date_gmt":"2026-01-11T11:32:10","guid":{"rendered":"https:\/\/www.europesays.com\/se\/132198\/"},"modified":"2026-01-11T11:32:10","modified_gmt":"2026-01-11T11:32:10","slug":"skuggflottan-i-ostersjon-rysk-oljeexport-hotar-sakerheten","status":"publish","type":"post","link":"https:\/\/www.europesays.com\/se\/132198\/","title":{"rendered":"Skuggflottan i \u00d6stersj\u00f6n \u2013 rysk oljeexport hotar s\u00e4kerheten"},"content":{"rendered":"<p>L\u00e4get p\u00e5 \u00d6stersj\u00f6n \u00e4r p\u00e5 v\u00e4g att bli explosivt.<\/p>\n<p>I fokus \u00e4r den ryska skuggflottan med transporter av olja och avvikande fartygsr\u00f6relser.<\/p>\n<p>\u2013 Sp\u00e4nningarna i och runt \u00d6stersj\u00f6n har redan \u00f6kat i och med Rysslands agerande, bland annat nyttjande av skuggflottan, s\u00e4ger viceamiral Ewa Skoog Haslum, chef f\u00f6r den svenska milit\u00e4ra operationsledningen.<\/p>\n<p>Senaste nyhetsklippen fr\u00e5n Expressen.<img   alt=\"\"\/><\/p>\n<p>Kustbevakningen p\u00e5 sj\u00f6patrullering.<\/p>\n<p>Foto: Johnny S\u00f6derberg \/ Kustbevakningen<\/p>\n<p>\u00d6ppna bild i helsk\u00e4rm<img loading=\"lazy\"   alt=\"\"\/><\/p>\n<p>Viceamiral Ewa Skoog Haslum.<\/p>\n<p>Foto: ANNA-KARIN NILSSON<\/p>\n<p>\u00d6ppna bild i helsk\u00e4rm<\/p>\n<p>L\u00e5ngt fr\u00e5n \u00d6stersj\u00f6n inleds i dag Rikskonferensen <a href=\"https:\/\/www.expressen.se\/tagg\/organization\/folk-och-forsvar\/\" class=\"\" rel=\"nofollow noopener\" target=\"_blank\">Folk och f\u00f6rsvar<\/a> i S\u00e4len. H\u00e4r sl\u00e5r den politiska och milit\u00e4ra hettan igenom, trots kylan och sn\u00f6n utanf\u00f6r H\u00f6gfj\u00e4llshotellet.\u00a0<\/p>\n<p>Det r\u00e4cker med en snabb titt p\u00e5 programmet med rubriker som \u201dNavigera i en orolig v\u00e4rld\u201d, \u201dEuropa under press\u201d och \u201dHur agerar statsledningen om kriget kommer?\u201d.<\/p>\n<p>Artikeln i korthet<\/p>\n<p>Ryska skuggflottan \u00f6kar risken f\u00f6r katastrof i \u00d6stersj\u00f6n.<\/p>\n<p>Svenska f\u00f6rsvaret och Kustbevakningen punktmarkerar fartygen.<\/p>\n<p>USA har nyligen bordat oljetankers till havs \u2013 sp\u00e4nningarna stiger.<\/p>\n<p>Kustbevakningen har f\u00e5tt ut\u00f6kade befogenheter.<\/p>\n<p>Visa mer<\/p>\n<p>Drygt 400 deltagare \u00e4r p\u00e5 plats under de tre dagarna. Kungen \u00e4r d\u00e4r tillsammans med kronprinsessan Victoria. Regeringen har laddat med statsminister Ulf Kristersson och sex andra ministrar, Socialdemokraternas Magdalena Andersson, milit\u00e4rledningen ledd av \u00d6B Michael Claesson och Natos \u00f6verbef\u00e4lhavare i Europa, den fyrstj\u00e4rnige generalen Alexus Grynkewich.\u00a0<\/p>\n<p><img loading=\"lazy\"   alt=\"\"\/><\/p>\n<p>Kronprinsessan Victoria.<\/p>\n<p>Foto: HENRIC WAUGE \/ SPA SPA | SWEDISH PRESS AGENCY<\/p>\n<p>\u00d6ppna bild i helsk\u00e4rm<\/p>\n<p>Informella samtals\u00e4mnen utanf\u00f6r det formella programmet kommer inte att saknas: ryska hybridoperationer, misst\u00e4nkta sabotage, det ryska anfallskriget mot Ukraina, den amerikanske presidenten Donald Trumps hot mot Gr\u00f6nland och riskerar Nato kollaps om USA anfaller Gr\u00f6nland?<\/p>\n<p>Viceamiral Ewa Skoog Haslum \u00e4r en av talarna i S\u00e4len och har satt rubriken \u201dM\u00f6ta hoten i v\u00e5rt n\u00e4romr\u00e5de\u201d.\u00a0<\/p>\n<p>\u00d6stersj\u00f6n har blivit en orolig arena d\u00e4r ryska milit\u00e4ra aktiviteter v\u00e4cker oro, med fartygseskort av skuggflottans fartyg, uppgifter om rysk milit\u00e4r personal ombord p\u00e5 vissa oljefartyg och ryskt stridsflyg med hotande upptr\u00e4dande.<\/p>\n<p>Risk f\u00f6r milit\u00e4r konfrontation<\/p>\n<p>Dels \u00f6kar risken f\u00f6r en milit\u00e4r konfrontation av misstag, dels risken f\u00f6r en oljekatastrof med n\u00e5got av de gamla fartygen i skuggflottan.<\/p>\n<p>Sp\u00e4nningarna accelererar och har f\u00e5tt ytterligare en dimension i och med att USA bordat flera oljetankers runtom i v\u00e4rlden de senaste veckorna.<\/p>\n<p>\u2013 Sp\u00e4nningarna i och runt \u00d6stersj\u00f6n har redan \u00f6kat i och med Rysslands agerande, bland annat nyttjande av skuggflottan. Hela Natos operationsomr\u00e5de kr\u00e4ver v\u00e5r n\u00e4rvaro och kontroll, inte minst f\u00f6r att skapa s\u00e4kerhet, s\u00e4ger Ewa Skoog Haslum.<\/p>\n<p>Desperat Ryssland<\/p>\n<p>Viceamiralen beskriver Ryssland som desperat n\u00e4r det g\u00e4ller inkomsterna fr\u00e5n oljan och gas f\u00f6r att finansiera kriget mot Ukraina.<\/p>\n<p>\u2013 Vi m\u00e5lar ofta upp Ryssland som den stora bj\u00f6rnen. Vi har ett desperat Ryssland. De lyckas inte s\u00e4lja sin olja och gas i de m\u00e4ngder de vill och absolut inte till de priser de vill. Det \u00e4r deras st\u00f6rsta inkomstk\u00e4lla just nu. Det \u00e4r en otrolig desperation.<\/p>\n<p><img loading=\"lazy\"   alt=\"\"\/><\/p>\n<p>\u2013 Vi har koll p\u00e5 ryssarna, s\u00e4ger viceamiral Ewa Skoog Haslum.<\/p>\n<p>Foto: JENS CHRISTIAN<\/p>\n<p>\u00d6ppna bild i helsk\u00e4rm<\/p>\n<p>Ett tydligt tecken p\u00e5 det skarpa l\u00e4get var n\u00e4r det ryskflaggade lastfartyget Adler nyligen gick in p\u00e5 svenskt vatten.<\/p>\n<p>Ewa Skoog Haslum ber\u00e4ttar om F\u00f6rsvarsmaktens diskreta bidrag i \u00f6vervakningen.<\/p>\n<p>Under natten mot l\u00f6rdagen den 20 december meddelade fartyget Adler, som avgick fr\u00e5n Sankt Petersburg n\u00e5gra dagar tidigare, att de drabbats av maskinproblem och \u00f6nskade att f\u00e5 ankra upp p\u00e5 territorialvatten.\u00a0<\/p>\n<p>Aktionen med kontroll av fartyget leddes av Tullverket som genomf\u00f6rde aktionen med hj\u00e4lp av Kustbevakningen och polisen.<\/p>\n<p><img loading=\"lazy\"   alt=\"\"\/><\/p>\n<p>Det ryska fartyget Adlers position n\u00e4r det ankrade i havet utanf\u00f6r H\u00f6gan\u00e4s.<\/p>\n<p>\u00d6ppna bild i helsk\u00e4rm<\/p>\n<p>Men p\u00e5 grund av det skarpa l\u00e4get i \u00d6stersj\u00f6n fanns \u00e4ven F\u00f6rsvarsmakten i beredskap.<\/p>\n<p>\u2013 Vi sk\u00f6tte v\u00e5r \u00f6vervakning och bevakning. Med tanke p\u00e5 de resurser vi har, kunde vi anv\u00e4nda b\u00e5de sj\u00f6g\u00e5ende och markf\u00f6rband fr\u00e5n milit\u00e4rregionen och beredskapsroten.<\/p>\n<p>\u2013 F\u00f6r oss var det viktigt att ha kontroll p\u00e5 v\u00e5rt omr\u00e5de och \u00e4ven se vad som h\u00e4nder p\u00e5 anda st\u00e4llen samtidigt, s\u00e4ger viceamiral Ewa Skoog Haslum.<\/p>\n<p><img loading=\"lazy\"   alt=\"\"\/><\/p>\n<p>En av Kustbevakningens patruller.<\/p>\n<p>Foto: Johnny S\u00f6derberg \/ Kustbevakningen<\/p>\n<p>\u00d6ppna bild i helsk\u00e4rm<\/p>\n<p>Fartygets upptr\u00e4dande skulle helt enkelt ha kunnat vara en skenman\u00f6ver.<\/p>\n<p>\u2013 Det \u00e4r s\u00e5 l\u00e4tt att vi blir som flugor p\u00e5 en sockerbit. Det \u00e4r viktigt f\u00f6r oss att kunna zooma ut, s\u00e4ger Ewa Skoog Haslum.<\/p>\n<p>Annons<\/p>\n<p>Skuggflottan i \u00d6stersj\u00f6n punktmarkeras.<\/p>\n<p>\u2013 Vi har koll p\u00e5 ryssarna, s\u00e4ger viceamiral Ewa Skoog Haslum.<\/p>\n<p>\u201d\u00d6kad risk f\u00f6r olyckor\u201d<\/p>\n<p>Rysslands export av olja via \u00d6stersj\u00f6n har \u00f6kat kraftigt de senaste \u00e5ren och sker ofta med fartyg som ing\u00e5r i den s\u00e5 kallade skuggflottan. Fartygen \u00e4r s\u00e4mre underh\u00e5llna, har ofta bekv\u00e4mlighetsflagg och bes\u00e4ttningar med bristande sj\u00f6manskap. Det \u00f6kar risken f\u00f6r olyckor enligt svenska myndigheter.<\/p>\n<p>\u2013 Vi ser det som en \u00f6kad risk f\u00f6r olyckor av alla slag: grundst\u00f6tningar, kollisioner och att man tappar ankare. Det \u00e4r anm\u00e4rkningsv\u00e4rt, s\u00e4ger Daniel Stenling, bitr\u00e4dande chef f\u00f6r Kustbevakningens operativa avdelning.<\/p>\n<p><img loading=\"lazy\"   alt=\"\"\/><\/p>\n<p>Daniel Stenling, bitr\u00e4dande chef f\u00f6r Kustbevakningens operativa avdelning.<\/p>\n<p>Foto: Wretmarks foto<\/p>\n<p>\u00d6ppna bild i helsk\u00e4rm<\/p>\n<p>I dag finns 598 fartyg i den ryska skuggflottan, med olje- och gasfartyg p\u00e5 EU:s sanktionslista. S\u00e5 sent som i december tillkom 41 fartyg p\u00e5 listan.<\/p>\n<p>Skuggflottans roll f\u00f6r Ryssland<\/p>\n<p>Den ryska oljeexporten \u00e4r avg\u00f6rande f\u00f6r att finansiera kriget mot Ukraina. Skuggflottan \u2013 ett p\u00e4rlband av oljetankers genom \u00d6stersj\u00f6n \u2013 transporterar oljan ut ur landet, trots omfattande sanktioner fr\u00e5n v\u00e4st.<\/p>\n<p>\u2013 Det \u00e4r ett stort maskineri, d\u00e4r mycket handlar om att kringg\u00e5 sanktionerna f\u00f6r att kunna f\u00f6ra ut oljan, s\u00e4ger Daniel Stenling.<\/p>\n<p>Fartygen flaggas ofta om till l\u00e4nder med l\u00e4gre krav p\u00e5 s\u00e4kerhet och f\u00f6rs\u00e4kringar. Det inneb\u00e4r att om en olycka sker kan det drabbade landet tvingas st\u00e5 f\u00f6r hela kostnaden.<\/p>\n<p>\u2013 Vi har sett omflaggning av fartyg till stater som erbjuder bekv\u00e4mlighetsflagg. Det \u00e4r l\u00e4nder som st\u00e4ller l\u00e4gre krav p\u00e5 det mesta, inte minst f\u00f6rs\u00e4kringar, s\u00e4ger Daniel Stenling.<\/p>\n<p>Begr\u00e4nsade m\u00f6jligheter att ingripa<\/p>\n<p>Trots att m\u00e5nga av fartygen \u00e4r sanktionerade kan svenska myndigheter inte ingripa s\u00e5 l\u00e4nge de bara passerar genom svenskt vatten.<\/p>\n<p>\u2013 Vi kan inte \u00e5ka ut och s\u00e4ga stopp och bel\u00e4gg. D\u00e4remot f\u00e5r de inte anl\u00f6pa svensk hamn. Ingen fr\u00e5n Sverige f\u00e5r heller \u00e5ka ut till ett sanktionerat fartyg och f\u00f6rse det med till exempel mat, s\u00e4ger Daniel Stenling.<\/p>\n<p>F\u00f6r att ingripa kr\u00e4vs att fartyget bryter mot havsr\u00e4ttens regelverk, till exempel genom att orsaka en olycka.<\/p>\n<p>Tv\u00e5 fartyg svarade inte p\u00e5 anrop<\/p>\n<p>Svenska myndigheter har extra koll p\u00e5 fartyg som ing\u00e5r i skuggflottan och omfattas av sanktioner.<\/p>\n<p>\u2013 Vi ropar upp dem och fr\u00e5gar om f\u00f6rs\u00e4kringen. Vi vill att de ska k\u00e4nna att vi har \u00f6gonen p\u00e5 dem, s\u00e4ger Daniel Stenling.<\/p>\n<p>Sedan 1 juli 2025 har Kustbevakningen r\u00e4tt att anropa fartyg i svensk ekonomisk zon och beg\u00e4ra information fr\u00e5n dem om de \u00e4r f\u00f6rs\u00e4krade eller inte. Kustbevakningen har anropat fartyg vid 114 tillf\u00e4llen.\u00a0<\/p>\n<p>Vid endast tv\u00e5 tillf\u00e4llen har kustbevakningens personal m\u00f6tts av tystnad n\u00e4r de anropat fartyg fr\u00e5n skuggflottan.<\/p>\n<p><img loading=\"lazy\"   alt=\"\"\/><\/p>\n<p>Expressens Leif Br\u00e4nnstr\u00f6m p\u00e5 Folk och f\u00f6rsvar i S\u00e4len.<\/p>\n<p>Foto: NISSE SCHMIDT<\/p>\n<p>\u00d6ppna bild i helsk\u00e4rm<img alt=\"\"\/>Ljudklippet gick inte att spela upp<\/p>\n<p>F\u00f6rs\u00f6k igen senare<\/p>\n","protected":false},"excerpt":{"rendered":"L\u00e4get p\u00e5 \u00d6stersj\u00f6n \u00e4r p\u00e5 v\u00e4g att bli explosivt. I fokus \u00e4r den ryska skuggflottan med transporter av&hellip;\n","protected":false},"author":2,"featured_media":132199,"comment_status":"","ping_status":"","sticky":false,"template":"","format":"standard","meta":{"footnotes":""},"categories":[5],"tags":[50,22,23,6674,26,27,17,21,24,25,4102,274,11492,202,11704,28,29,15,13488,16,13487,48,2259,198,11861,18,34,154,31,33,32,30,19,6673,60,49,2189,20],"class_list":{"0":"post-132198","1":"post","2":"type-post","3":"status-publish","4":"format-standard","5":"has-post-thumbnail","7":"category-rubriker","8":"tag-arme-forsvar","9":"tag-breaking-news","10":"tag-breakingnews","11":"tag-fartyg-farjor","12":"tag-featured-news","13":"tag-featurednews","14":"tag-headlines","15":"tag-huvudnyheter","16":"tag-latest-news","17":"tag-latestnews","18":"tag-location-ostersjon","19":"tag-location-ryssland","20":"tag-location-salen","21":"tag-location-ukraina","22":"tag-location-victoria","23":"tag-main-news","24":"tag-mainnews","25":"tag-news","26":"tag-newsstory-folk-och-forsvar-2026","27":"tag-nyheter","28":"tag-organization-folk-och-forsvar","29":"tag-organization-forsvarsmakten","30":"tag-organization-tullverket","31":"tag-person-donald-trump","32":"tag-person-ewa-skoog-haslum","33":"tag-rubriker","34":"tag-se","35":"tag-sections-sverige","36":"tag-svenska","37":"tag-sverige","38":"tag-sweden","39":"tag-swedish","40":"tag-top-stories","41":"tag-topic-bat","42":"tag-topic-krig-konflikt","43":"tag-topic-militar","44":"tag-topic-sakerhetspolitik","45":"tag-topstories"},"share_on_mastodon":{"url":"","error":"Validation failed: Text character limit of 500 exceeded"},"_links":{"self":[{"href":"https:\/\/www.europesays.com\/se\/wp-json\/wp\/v2\/posts\/132198","targetHints":{"allow":["GET"]}}],"collection":[{"href":"https:\/\/www.europesays.com\/se\/wp-json\/wp\/v2\/posts"}],"about":[{"href":"https:\/\/www.europesays.com\/se\/wp-json\/wp\/v2\/types\/post"}],"author":[{"embeddable":true,"href":"https:\/\/www.europesays.com\/se\/wp-json\/wp\/v2\/users\/2"}],"replies":[{"embeddable":true,"href":"https:\/\/www.europesays.com\/se\/wp-json\/wp\/v2\/comments?post=132198"}],"version-history":[{"count":0,"href":"https:\/\/www.europesays.com\/se\/wp-json\/wp\/v2\/posts\/132198\/revisions"}],"wp:featuredmedia":[{"embeddable":true,"href":"https:\/\/www.europesays.com\/se\/wp-json\/wp\/v2\/media\/132199"}],"wp:attachment":[{"href":"https:\/\/www.europesays.com\/se\/wp-json\/wp\/v2\/media?parent=132198"}],"wp:term":[{"taxonomy":"category","embeddable":true,"href":"https:\/\/www.europesays.com\/se\/wp-json\/wp\/v2\/categories?post=132198"},{"taxonomy":"post_tag","embeddable":true,"href":"https:\/\/www.europesays.com\/se\/wp-json\/wp\/v2\/tags?post=132198"}],"curies":[{"name":"wp","href":"https:\/\/api.w.org\/{rel}","templated":true}]}}