{"id":132200,"date":"2026-01-11T11:33:09","date_gmt":"2026-01-11T11:33:09","guid":{"rendered":"https:\/\/www.europesays.com\/se\/132200\/"},"modified":"2026-01-11T11:33:09","modified_gmt":"2026-01-11T11:33:09","slug":"influensan-slar-hart-sjukvarden-pressad","status":"publish","type":"post","link":"https:\/\/www.europesays.com\/se\/132200\/","title":{"rendered":"Influensan sl\u00e5r h\u00e5rt &#8211; sjukv\u00e5rden pressad"},"content":{"rendered":"<p>Smittspridningen v\u00e4ntas forts\u00e4tta belasta sjukv\u00e5rden<\/p>\n<p>V\u00e5rdplatsl\u00e4get \u00e4r pressat, och influensa samt andra luftv\u00e4gsinfektioner belastar v\u00e5rden.<\/p>\n<p>I f\u00f6rra veckan lades 24 personer med bekr\u00e4ftad influens in p\u00e5 intensivv\u00e5rd. Veckan innan var den siffran 28.<\/p>\n<p>F\u00f6rra veckan avled 39 personer med bekr\u00e4ftad influensa enligt prelimin\u00e4ra siffror j\u00e4mf\u00f6rt med 51 veckan innan.<\/p>\n<p>Flera regioner har varit i stabsl\u00e4ge f\u00f6r att kunna hantera situationen. Det inneb\u00e4r att sjukv\u00e5rden organiserar om resurser, prioriterar h\u00e5rdare och f\u00f6rs\u00f6ker s\u00e4kra bemanningen n\u00e4r m\u00e5nga b\u00e5de patienter och v\u00e5rdanst\u00e4llda \u00e4r sjuka samtidigt.<\/p>\n<p>Belasta inte v\u00e5rden i on\u00f6dan<\/p>\n<p>Influensan drabbar alla \u00e5ldrar, men \u00e4ldre personer och de med underliggande sjukdomar l\u00f6per st\u00f6rre risk att bli allvarligt sjuka. V\u00e5rden betonar d\u00e4rf\u00f6r vikten av att vara extra uppm\u00e4rksam p\u00e5 symtom som h\u00f6g feber, andningssv\u00e5righeter och kraftig tr\u00f6tthet.<\/p>\n<p>Samtidigt v\u00e4djar l\u00e4kare och regioner till allm\u00e4nheten att inte s\u00f6ka sig direkt till akutmottagningar i on\u00f6dan. Ist\u00e4llet rekommenderas den som \u00e4r sjuk att i f\u00f6rsta hand kontakta 1177 V\u00e5rdguiden f\u00f6r r\u00e5dgivning, eller v\u00e4nda sig till sin v\u00e5rdcentral.<\/p>\n<p>Minska smittspridningen<\/p>\n<p>F\u00f6r att minska smittspridningen uppmanas allm\u00e4nheten att stanna hemma vid symtom, tv\u00e4tta h\u00e4nderna ofta och undvika n\u00e4ra kontakt med andra \u2013 s\u00e4rskilt med \u00e4ldre och sk\u00f6ra personer.<\/p>\n<p>Influensav\u00e5gen v\u00e4ntas forts\u00e4tta under de kommande veckorna, och v\u00e5rden f\u00f6ljer utvecklingen noga.<\/p>\n<p><strong>L\u00e4s mer p\u00e5 News55:<\/strong><\/p>\n<p><a href=\"https:\/\/www.news55.se\/halsa\/aldersleukemi-var-uppmarksam-pa-dessa-symtom\/\" rel=\"nofollow noopener\" target=\"_blank\">\u00c5ldersleukemi: Var uppm\u00e4rksam p\u00e5 dessa symtom<\/a><\/p>\n<p><a href=\"https:\/\/www.news55.se\/samhalle\/regeringen-trottnat-pa-aldersdiskrimineringen\/\" rel=\"nofollow noopener\" target=\"_blank\">Regeringen har tr\u00f6ttnat p\u00e5 \u00e5ldersdiskrimineringen<\/a><\/p>\n<p><a href=\"https:\/\/www.news55.se\/samhalle\/inrikes\/vaktare-dygnet-runt-vid-aldreboende-personalbrak-har-eskalerat\/\" rel=\"nofollow noopener\" target=\"_blank\">V\u00e4ktare dygnet runt vid \u00e4ldreboende \u2013 br\u00e5k mellan personal<\/a><\/p>\n<p><a href=\"https:\/\/www.news55.se\/privatekonomi\/sju-effekter-pa-din-planbok-nu-nar-pensionsaldern-har-avskaffats\/\" rel=\"nofollow noopener\" target=\"_blank\">Sju effekter p\u00e5 din pl\u00e5nbok nu n\u00e4r pensions\u00e5ldern har avskaffats<\/a><\/p>\n<p>L\u00e4s mer fr\u00e5n News55 &#8211; v\u00e5rt nyhetsbrev \u00e4r kostnadsfritt:Prenumerera<\/p>\n","protected":false},"excerpt":{"rendered":"Smittspridningen v\u00e4ntas forts\u00e4tta belasta sjukv\u00e5rden V\u00e5rdplatsl\u00e4get \u00e4r pressat, och influensa samt andra luftv\u00e4gsinfektioner belastar v\u00e5rden. I f\u00f6rra veckan&hellip;\n","protected":false},"author":2,"featured_media":132201,"comment_status":"","ping_status":"","sticky":false,"template":"","format":"standard","meta":{"footnotes":""},"categories":[69],"tags":[113,112,3501,13489,3502,34,2298,9173,31,33,32,30],"class_list":{"0":"post-132200","1":"post","2":"type-post","3":"status-publish","4":"format-standard","5":"has-post-thumbnail","7":"category-halsa","8":"tag-halsa","9":"tag-health","10":"tag-influensa","11":"tag-influensafall","12":"tag-luftvagsinfektioner","13":"tag-se","14":"tag-sjukvard","15":"tag-smitta","16":"tag-svenska","17":"tag-sverige","18":"tag-sweden","19":"tag-swedish"},"share_on_mastodon":{"url":"https:\/\/pubeurope.com\/@se\/115876253232034990","error":""},"_links":{"self":[{"href":"https:\/\/www.europesays.com\/se\/wp-json\/wp\/v2\/posts\/132200","targetHints":{"allow":["GET"]}}],"collection":[{"href":"https:\/\/www.europesays.com\/se\/wp-json\/wp\/v2\/posts"}],"about":[{"href":"https:\/\/www.europesays.com\/se\/wp-json\/wp\/v2\/types\/post"}],"author":[{"embeddable":true,"href":"https:\/\/www.europesays.com\/se\/wp-json\/wp\/v2\/users\/2"}],"replies":[{"embeddable":true,"href":"https:\/\/www.europesays.com\/se\/wp-json\/wp\/v2\/comments?post=132200"}],"version-history":[{"count":0,"href":"https:\/\/www.europesays.com\/se\/wp-json\/wp\/v2\/posts\/132200\/revisions"}],"wp:featuredmedia":[{"embeddable":true,"href":"https:\/\/www.europesays.com\/se\/wp-json\/wp\/v2\/media\/132201"}],"wp:attachment":[{"href":"https:\/\/www.europesays.com\/se\/wp-json\/wp\/v2\/media?parent=132200"}],"wp:term":[{"taxonomy":"category","embeddable":true,"href":"https:\/\/www.europesays.com\/se\/wp-json\/wp\/v2\/categories?post=132200"},{"taxonomy":"post_tag","embeddable":true,"href":"https:\/\/www.europesays.com\/se\/wp-json\/wp\/v2\/tags?post=132200"}],"curies":[{"name":"wp","href":"https:\/\/api.w.org\/{rel}","templated":true}]}}