{"id":132207,"date":"2026-01-11T11:40:31","date_gmt":"2026-01-11T11:40:31","guid":{"rendered":"https:\/\/www.europesays.com\/se\/132207\/"},"modified":"2026-01-11T11:40:31","modified_gmt":"2026-01-11T11:40:31","slug":"bra-med-skarpt-kontroll-av-friskolor","status":"publish","type":"post","link":"https:\/\/www.europesays.com\/se\/132207\/","title":{"rendered":"Bra med sk\u00e4rpt kontroll av friskolor"},"content":{"rendered":"<p class=\"normal\">SKR tycker att utredningen om vinst i skolan, som regeringen tog emot under fredagen, har ett gott syfte att s\u00e4kerst\u00e4lla att offentliga medel anv\u00e4nds korrekt. Flera av utredningens f\u00f6rslag syftar till att regelverket kring frist\u00e5ende skolor och f\u00f6rskolor blir tydligare.<\/p>\n<p class=\"normal\">\u2013 \u00d6kade krav och transparens f\u00f6r friskolor kr\u00e4vs f\u00f6r att motverka oseri\u00f6sa akt\u00f6rer och d\u00e4rmed v\u00e4lf\u00e4rdsbrottslighet inom v\u00e4lf\u00e4rden. Dessutom kan sk\u00e4rpta villkor ge mer likv\u00e4rdiga f\u00f6ruts\u00e4ttningar f\u00f6r s\u00e5v\u00e4l kommunala som frist\u00e5ende skolor, s\u00e4ger <strong>Madelaine Jakobsson<\/strong>, ordf\u00f6rande i SKR:s beredning f\u00f6r utbildningsfr\u00e5gor.<\/p>\n<p>\u00d6kade kostnader och mer administration<\/p>\n<p class=\"normal\">SKR noterar att flera av utredningens f\u00f6rslag kan inneb\u00e4ra \u00f6kade kostnader och administration f\u00f6r kommunerna. Utredningen lyfter bland annat att det ska vara obligatoriskt f\u00f6r kommunerna att alltid analysera hur en etablering av en ny frist\u00e5ende skola eller f\u00f6rskola p\u00e5verkar kommunen som helhet b\u00e5de ekonomiskt och organisatoriskt.<\/p>\n<p class=\"normal\">\u2013 Det \u00e4r ett resurskr\u00e4vande uppdrag att yttra sig \u00f6ver vad en etablering av en friskola inneb\u00e4r och den fr\u00e5gan kommer vi att analysera vidare, s\u00e4ger Madelaine Jakobsson.<\/p>\n<p class=\"normal\">SKR anser att det beh\u00f6ver finnas tillr\u00e4ckligt med tid f\u00f6r genomf\u00f6rande, s\u00e5 att kommuner och huvudm\u00e4n kan anpassa arbetet efter de nya best\u00e4mmelserna.<\/p>\n<p class=\"normal\">SKR ska nu analysera f\u00f6rslagen i utredningen vidare. Viktigast \u00e4r att alla barn och ungdomar f\u00e5r en god utbildning av h\u00f6g kvalitet, att styrningen f\u00f6rb\u00e4ttras och att det finns en \u00e4ndam\u00e5lsenlig och l\u00e5ngsiktig finansiering. Detta samtidigt som de likv\u00e4rdiga f\u00f6ruts\u00e4ttningar f\u00f6r kommunala och enskilda huvudm\u00e4n f\u00f6rb\u00e4ttras.<\/p>\n","protected":false},"excerpt":{"rendered":"SKR tycker att utredningen om vinst i skolan, som regeringen tog emot under fredagen, har ett gott syfte&hellip;\n","protected":false},"author":2,"featured_media":132208,"comment_status":"","ping_status":"","sticky":false,"template":"","format":"standard","meta":{"footnotes":""},"categories":[5],"tags":[22,23,26,27,17,21,24,25,28,29,15,16,18,34,31,33,32,30,19,20],"class_list":{"0":"post-132207","1":"post","2":"type-post","3":"status-publish","4":"format-standard","5":"has-post-thumbnail","7":"category-rubriker","8":"tag-breaking-news","9":"tag-breakingnews","10":"tag-featured-news","11":"tag-featurednews","12":"tag-headlines","13":"tag-huvudnyheter","14":"tag-latest-news","15":"tag-latestnews","16":"tag-main-news","17":"tag-mainnews","18":"tag-news","19":"tag-nyheter","20":"tag-rubriker","21":"tag-se","22":"tag-svenska","23":"tag-sverige","24":"tag-sweden","25":"tag-swedish","26":"tag-top-stories","27":"tag-topstories"},"share_on_mastodon":{"url":"https:\/\/pubeurope.com\/@se\/115876280648790251","error":""},"_links":{"self":[{"href":"https:\/\/www.europesays.com\/se\/wp-json\/wp\/v2\/posts\/132207","targetHints":{"allow":["GET"]}}],"collection":[{"href":"https:\/\/www.europesays.com\/se\/wp-json\/wp\/v2\/posts"}],"about":[{"href":"https:\/\/www.europesays.com\/se\/wp-json\/wp\/v2\/types\/post"}],"author":[{"embeddable":true,"href":"https:\/\/www.europesays.com\/se\/wp-json\/wp\/v2\/users\/2"}],"replies":[{"embeddable":true,"href":"https:\/\/www.europesays.com\/se\/wp-json\/wp\/v2\/comments?post=132207"}],"version-history":[{"count":0,"href":"https:\/\/www.europesays.com\/se\/wp-json\/wp\/v2\/posts\/132207\/revisions"}],"wp:featuredmedia":[{"embeddable":true,"href":"https:\/\/www.europesays.com\/se\/wp-json\/wp\/v2\/media\/132208"}],"wp:attachment":[{"href":"https:\/\/www.europesays.com\/se\/wp-json\/wp\/v2\/media?parent=132207"}],"wp:term":[{"taxonomy":"category","embeddable":true,"href":"https:\/\/www.europesays.com\/se\/wp-json\/wp\/v2\/categories?post=132207"},{"taxonomy":"post_tag","embeddable":true,"href":"https:\/\/www.europesays.com\/se\/wp-json\/wp\/v2\/tags?post=132207"}],"curies":[{"name":"wp","href":"https:\/\/api.w.org\/{rel}","templated":true}]}}