{"id":132218,"date":"2026-01-11T12:02:36","date_gmt":"2026-01-11T12:02:36","guid":{"rendered":"https:\/\/www.europesays.com\/se\/132218\/"},"modified":"2026-01-11T12:02:36","modified_gmt":"2026-01-11T12:02:36","slug":"europa-handfallet-infor-trumps-nycker-enligt-diplomater","status":"publish","type":"post","link":"https:\/\/www.europesays.com\/se\/132218\/","title":{"rendered":"Europa handfallet inf\u00f6r Trumps nycker, enligt diplomater"},"content":{"rendered":"<p data-testid=\"lead\" itemprop=\"description\">Diplomater: Paralyserade och maktl\u00f6sa inf\u00f6r Trumps \u201dvilda v\u00e4stern-doktrin\u201d<\/p>\n<p class=\"sc-c25743f0-0 sc-e37c0145-2 hObFds DQgPn\">I en artikel <a href=\"https:\/\/www.politico.eu\/article\/europe-trump-relationship\/\" class=\"pcc\" target=\"_blank\" rel=\"noopener noreferrer nofollow\">i amerikanska magasinet Politico<\/a> uttalar sig nu flera diplomater fr\u00e5n insidan. De m\u00e5lar upp en bild av ett Europa som st\u00e5r helt handfallna inf\u00f6r USA:s president Donald Trumps nycker.<\/p>\n<p class=\"sc-c25743f0-0 sc-e37c0145-2 hObFds DQgPn\">Presidenten har tidigare konstaterat att han \u201dinte beh\u00f6ver internationell lag\u201d <a href=\"https:\/\/www.nytimes.com\/2026\/01\/08\/us\/politics\/trump-interview-power-morality.html\" class=\"pcc\" target=\"_blank\" rel=\"noopener noreferrer nofollow\">i en intervju med New York Times<\/a>, utan s\u00e4ger att det enda som kan stoppa honom \u00e4r \u201dmin egen moral, mitt eget sinne\u201d.<\/p>\n<p class=\"sc-c25743f0-0 sc-e37c0145-2 hObFds DQgPn\">En av de europeiska diplomaterna magasinet pratar med s\u00e4ger att medier i Europa ofta gjort narr av Trump och hans medarbetare och m\u00e5lat upp dem som dumbommar och tokstollar.<\/p>\n<p class=\"sc-c25743f0-0 sc-e37c0145-2 hObFds DQgPn\">\u2013 Jag tror att det \u00e4r helt fel bild. De \u00e4r h\u00f6gst kapabla, s\u00e4ger den anonyma diplomaten.<\/p>\n<p class=\"sc-c25743f0-0 sc-e37c0145-2 hObFds DQgPn\">Samtidigt som USA:s ledning kommer med mer eller mindre f\u00f6rt\u00e4ckta hot om att invadera Gr\u00f6nland har inte Europas l\u00e4nder haft n\u00e5gra formella samtal om USA:s helomv\u00e4ndning och hur man ska f\u00f6rh\u00e5lla sig.<\/p>\n<p class=\"sc-c25743f0-0 sc-e37c0145-2 hObFds DQgPn\">\u2013 Det m\u00e5ste diskuteras.<\/p>\n<p>Desperat behov av amerikansk hj\u00e4lp<\/p>\n<p class=\"sc-c25743f0-0 sc-e37c0145-2 hObFds DQgPn\">Anledningen till att det inte pratas om saker ordentligt, enligt diplomaten, stavas Ukraina.<\/p>\n<p class=\"sc-c25743f0-0 sc-e37c0145-2 hObFds DQgPn\">Europa \u00e4r fortfarande i desperat behov av USA och Trump f\u00f6r att lyckas f\u00e5 slut p\u00e5 kriget.<\/p>\n<p class=\"sc-c25743f0-0 sc-e37c0145-2 hObFds DQgPn\">Samtidigt \u00e4r m\u00e5nga diplomater tveksamma till vad en amerikansk underskrift p\u00e5 ett fredsavtal ens \u00e4r v\u00e4rt, med Trumps of\u00f6ruts\u00e4gbara politik, eller \u201dvilda v\u00e4stern-doktrinen\u201d som Politico kallar den.<\/p>\n<p class=\"sc-c25743f0-0 sc-e37c0145-2 hObFds DQgPn\">\u2013 I slut\u00e4ndan finns det inga garantier att det l\u00f6ser sig, s\u00e4ger en annan europeisk diplomat om kriget.<\/p>\n<p>\u201dV\u00e4rlden fungerar helt annorlunda\u201d<\/p>\n<p class=\"sc-c25743f0-0 sc-e37c0145-2 hObFds DQgPn\">Och n\u00e4r det kommer till hoten om att attackera Gr\u00f6nland s\u00e5 menar diplomaterna att Nato och EU undviker allt som kan uppfattas som direkt kritik mot USA.<\/p>\n<p class=\"sc-c25743f0-0 sc-e37c0145-2 hObFds DQgPn\">\u201dLagen \u00e4r starkare \u00e4n v\u00e5ldet\u201d, <a href=\"https:\/\/www.eunews.it\/en\/2026\/01\/07\/von-der-leyen-the-law-is-stronger-than-force-a-principle-that-also-applies-to-greenland\/\" class=\"pcc\" target=\"_blank\" rel=\"noopener noreferrer nofollow\">sade Ursula von der Leyen<\/a> om hoten.<\/p>\n<p class=\"sc-c25743f0-0 sc-e37c0145-2 hObFds DQgPn\">Det \u00e4r oklart om hon har r\u00e4tt, <a href=\"https:\/\/www.politico.eu\/article\/europe-trump-relationship\/\" class=\"pcc\" target=\"_blank\" rel=\"noopener noreferrer nofollow\">skriver Politicos analytiker Tim Ross<\/a>.<\/p>\n<p class=\"sc-c25743f0-0 sc-e37c0145-2 hObFds DQgPn\">En senior diplomat fr\u00e5n ett land som inte tillh\u00f6r EU s\u00e4ger att Europa tappat bort sig och kanske inte l\u00e4ngre har en roll att spela i v\u00e4rldspolitiken, utom m\u00f6jligtvis i Ukraina.<\/p>\n<p class=\"sc-c25743f0-0 sc-e37c0145-2 hObFds DQgPn\">\u2013 V\u00e4rlden \u00e4r inte baserad p\u00e5 europeiska v\u00e4rderingar l\u00e4ngre. Den fungerar helt annorlunda, och Europa m\u00e5ste hitta sin v\u00e4g.<\/p>\n<p>Frankrike f\u00f6rbereder ett svar<\/p>\n<p class=\"sc-c25743f0-0 sc-e37c0145-2 hObFds DQgPn\">Samtidigt har den franske utrikesministern Jean-No\u00ebl Barrot sagt till <a href=\"https:\/\/www.youtube.com\/watch?v=NrKF97DAWrM\" class=\"pcc\" target=\"_blank\" rel=\"noopener noreferrer nofollow\">France Inter<\/a> att Frankrike p\u00e5b\u00f6rjat ett arbete f\u00f6r att f\u00f6rbereda sig p\u00e5 att sl\u00e5 tillbaka om det beh\u00f6vs \u2013 och att de inte ska vara ensamma. Detta efter ett m\u00f6te med tyska och polska kollegor.<\/p>\n<p class=\"sc-c25743f0-0 sc-e37c0145-2 hObFds DQgPn\">De h\u00e4r planerna kommer att forts\u00e4tta mejslas fram under den kommande tiden.<\/p>\n","protected":false},"excerpt":{"rendered":"Diplomater: Paralyserade och maktl\u00f6sa inf\u00f6r Trumps \u201dvilda v\u00e4stern-doktrin\u201d I en artikel i amerikanska magasinet Politico uttalar sig nu&hellip;\n","protected":false},"author":2,"featured_media":132219,"comment_status":"","ping_status":"","sticky":false,"template":"","format":"standard","meta":{"footnotes":""},"categories":[14],"tags":[22,23,26,27,17,21,24,25,28,29,15,16,18,34,31,33,32,30,19,20,51,52,53,54],"class_list":{"0":"post-132218","1":"post","2":"type-post","3":"status-publish","4":"format-standard","5":"has-post-thumbnail","7":"category-varlden","8":"tag-breaking-news","9":"tag-breakingnews","10":"tag-featured-news","11":"tag-featurednews","12":"tag-headlines","13":"tag-huvudnyheter","14":"tag-latest-news","15":"tag-latestnews","16":"tag-main-news","17":"tag-mainnews","18":"tag-news","19":"tag-nyheter","20":"tag-rubriker","21":"tag-se","22":"tag-svenska","23":"tag-sverige","24":"tag-sweden","25":"tag-swedish","26":"tag-top-stories","27":"tag-topstories","28":"tag-varlden","29":"tag-world","30":"tag-world-news","31":"tag-worldnews"},"share_on_mastodon":{"url":"https:\/\/pubeurope.com\/@se\/115876367055461423","error":""},"_links":{"self":[{"href":"https:\/\/www.europesays.com\/se\/wp-json\/wp\/v2\/posts\/132218","targetHints":{"allow":["GET"]}}],"collection":[{"href":"https:\/\/www.europesays.com\/se\/wp-json\/wp\/v2\/posts"}],"about":[{"href":"https:\/\/www.europesays.com\/se\/wp-json\/wp\/v2\/types\/post"}],"author":[{"embeddable":true,"href":"https:\/\/www.europesays.com\/se\/wp-json\/wp\/v2\/users\/2"}],"replies":[{"embeddable":true,"href":"https:\/\/www.europesays.com\/se\/wp-json\/wp\/v2\/comments?post=132218"}],"version-history":[{"count":0,"href":"https:\/\/www.europesays.com\/se\/wp-json\/wp\/v2\/posts\/132218\/revisions"}],"wp:featuredmedia":[{"embeddable":true,"href":"https:\/\/www.europesays.com\/se\/wp-json\/wp\/v2\/media\/132219"}],"wp:attachment":[{"href":"https:\/\/www.europesays.com\/se\/wp-json\/wp\/v2\/media?parent=132218"}],"wp:term":[{"taxonomy":"category","embeddable":true,"href":"https:\/\/www.europesays.com\/se\/wp-json\/wp\/v2\/categories?post=132218"},{"taxonomy":"post_tag","embeddable":true,"href":"https:\/\/www.europesays.com\/se\/wp-json\/wp\/v2\/tags?post=132218"}],"curies":[{"name":"wp","href":"https:\/\/api.w.org\/{rel}","templated":true}]}}