{"id":132232,"date":"2026-01-11T12:20:07","date_gmt":"2026-01-11T12:20:07","guid":{"rendered":"https:\/\/www.europesays.com\/se\/132232\/"},"modified":"2026-01-11T12:20:07","modified_gmt":"2026-01-11T12:20:07","slug":"statsministerns-tal-vid-folk-och-forsvar-2026","status":"publish","type":"post","link":"https:\/\/www.europesays.com\/se\/132232\/","title":{"rendered":"Statsministerns tal vid Folk och F\u00f6rsvar 2026"},"content":{"rendered":"<p>Ers majest\u00e4t och Ers kungliga h\u00f6ghet,<\/p>\n<p>Mina damer och herrar,<\/p>\n<p>Den regelbaserade och multilaterala v\u00e4rldsordning som skapades efter andra v\u00e4rldskriget har aldrig varit felfri, men den \u00e4r \u00e4nd\u00e5 det b\u00e4sta vi har:\u00a0<\/p>\n<p>Som respekten f\u00f6r folkr\u00e4tten, och att stora l\u00e4nder inte har egna intressesf\u00e4rer \u2013 d\u00e4r makt g\u00e5r f\u00f6re r\u00e4tt.<\/p>\n<p>N\u00e4r vi nu g\u00e5r in i 2026 och kanske ser begynnande m\u00f6jligheter till fred i Ukraina, s\u00e5 ser vi ocks\u00e5 att den v\u00e4rldsordningen \u00e4r mer hotad \u00e4n p\u00e5 m\u00e5nga decennier. Det \u00e4r farligt p\u00e5 flera vis. Risken f\u00f6r stora konflikter \u00f6kar, men ocks\u00e5 risken att mindre nationer offras p\u00e5 v\u00e4gen.\u00a0<\/p>\n<p>F\u00f6r ett land som Sverige \u00e4r det h\u00e4r s\u00e4rskilt allvarligt.\u00a0<\/p>\n<p>En \u00f6ppen ekonomi som bygger p\u00e5 innovation och frihandel. Ett land som ser v\u00e4rdet i samarbete \u2013 i stort och i sm\u00e5tt. Ett land som bygger s\u00e4kerhet tillsammans med andra. Och ett land som st\u00e5r f\u00f6r frihetens och demokratins och det nationella oberoendets eviga v\u00e4rden.\u00a0<\/p>\n<p>USA:s milit\u00e4ra angrepp mot Venezuela ledde till att president Maduro nu st\u00e5r inf\u00f6r r\u00e4tta. Han var ingen legitim ledare av sitt land och v\u00e4ldigt f\u00e5 kommer sakna honom vid makten.\u00a0<\/p>\n<p>Men det bryter likv\u00e4l mot folkr\u00e4tten och riskerar att uppmuntra fler l\u00e4nder att agera likadant, och se p\u00e5 v\u00e4rlden p\u00e5 samma s\u00e4tt.\u00a0<\/p>\n<p>Ryssland bevisar redan att de inte ser Ukraina som ett eget land, utan som en del av DERAS intressesf\u00e4r.\u00a0<\/p>\n<p>Kina markerar allt oftare att de \u00e4r beredda att ta Taiwan, \u00e4ven med v\u00e5ld. Det h\u00e4r en farlig v\u00e4g att sl\u00e5 in p\u00e5.\u00a0<\/p>\n<p>Den amerikanska administrationens hotfulla retorik mot Danmark och Gr\u00f6nland m\u00f6ts samtidigt \u2013 och med r\u00e4tta \u2013 av mycket skarp kritik.\u00a0<\/p>\n<p>Sverige, Norden, de baltiska staterna och flera stora l\u00e4nder i Europa st\u00e5r gemensamt upp f\u00f6r v\u00e5ra danska v\u00e4nner.\u00a0<\/p>\n<p>USA borde tv\u00e4rtom tacka Danmark, som genom \u00e5ren har varit en mycket lojal allierad. I Afghanistan och Irak har \u00f6ver 50 danska soldater betalat det yttersta priset f\u00f6r den lojaliteten.\u00a0<\/p>\n<p>Den v\u00e4rld vi k\u00e4nner forts\u00e4tter allts\u00e5 att skakas om. Ta det p\u00e5 allvar \u2013 men drabbas inte av panik. Vi ska inte vara r\u00e4dda \u2013 men vi ska vara f\u00f6rberedda.\u00a0<\/p>\n<p>Nu \u00e4r v\u00e5r uppgift att sj\u00e4lva g\u00f6ra allt r\u00e4tt i Sverige. \u00a0<\/p>\n<p>Och det vill jag tala om h\u00e4r idag.\u00a0<\/p>\n<p>***<\/p>\n<p>Dagen f\u00f6re den ryska invasionen av Ukraina 2022, var jag i Helsingfors och tr\u00e4ffade Finlands d\u00e5varande president Sauli Niinist\u00f6 och nuvarande statsminister Petteri Orpo.<\/p>\n<p>Varken Sauli eller jag visste d\u00e5 att kriget skulle v\u00e4cka oss f\u00f6re gryningen. Men han oroade sig redan \u00f6ver om Europas l\u00e4nder skulle h\u00e5lla ihop \u2013 och om Europa och USA skulle g\u00f6ra det.<\/p>\n<p>Just Europa h\u00e5ller faktiskt ihop. Vi talar om EU \u2013 minus Ungern f\u00f6rst\u00e5s, numera ocks\u00e5 minus Slovakien och Tjeckien. Men vi talar \u00e4ven om EU+, med Storbritannien och Norge. Och om hela Coalition of the Willing, med uppskattade partners s\u00e5som Kanada.<\/p>\n<p>Men jag s\u00e4ger nu som Sauli sa d\u00e5 \u2013 ta inte denna enighet f\u00f6r given.<\/p>\n<p>Ett bra tecken var att vi strax f\u00f6re jul kunde enas om ett stort finansiellt st\u00f6d till Ukraina.<\/p>\n<p>Ett d\u00e5ligt tecken var att vi klockan tre p\u00e5 natten inte kunde enas om att anv\u00e4nda de frysta ryska tillg\u00e5ngarna i Europa, f\u00f6r Ukraina mot Ryssland.<\/p>\n<p>Ett annat bra tecken \u00e4r att de europeiska Nato-l\u00e4nderna till sist har enats om att kraftigt st\u00e4rka v\u00e5r milit\u00e4ra f\u00f6rm\u00e5ga att f\u00f6rsvara Europa.<\/p>\n<p>Ett annat d\u00e5ligt tecken \u00e4r att s\u00e5 m\u00e5nga l\u00e4nder har s\u00e5 d\u00e5lig ekonomi att de har sv\u00e5rt att g\u00f6ra den upprustningen trov\u00e4rdig.<\/p>\n<p>\u00c4n sv\u00e5rare att f\u00f6rena de utgifterna med att ocks\u00e5 l\u00e5ngsiktigt hj\u00e4lpa Ukraina.<\/p>\n<p>***<\/p>\n<p>I den h\u00e4r dramatiskt f\u00f6r\u00e4ndrade omv\u00e4rld drar jag och regeringen n\u00e5gra viktiga slutsatser. Planen f\u00f6r ett s\u00e4krare Sverige i en farligare tid kan sammanfattas i fem punkter: \u00a0<\/p>\n<p>F\u00f6r det f\u00f6rsta g\u00f6r vi nu den st\u00f6rsta svenska milit\u00e4ra upprustningen sedan kalla kriget \u2013 och vi \u00e5teruppr\u00e4ttar det civila f\u00f6rsvaret.<\/p>\n<p>Sverige var drivande f\u00f6r ett nytt och mycket h\u00f6gre Nato-m\u00e5l \u2013 och vi lever upp till det vi har sagt.<\/p>\n<p>Det h\u00e4r \u00e4r en kr\u00e4vande prioritering. Varje krona \u2013 eller snarare miljard \u2013 som g\u00e5r till det svenska f\u00f6rsvaret kan inte samtidigt anv\u00e4ndas till annat, som ocks\u00e5 \u00e4r viktigt. Det st\u00e4ller h\u00f6ga krav p\u00e5 svensk ekonomi. Jag \u00e5terkommer till den saken.<\/p>\n<p>F\u00f6r det andra har vi snabbt blivit en sj\u00e4lvklar och respekterad kraft i Nato. V\u00e5r n\u00e4rvaro i Lettland, Polen och Finland \u00e4r mycket uppskattad och Sverige \u00e4r en central akt\u00f6r i att bygga ett starkare europeiskt Nato, som i sin tur samarbetar n\u00e4rmare med EU.<\/p>\n<p>Det beh\u00f6vs en stark f\u00f6rsvarslinje l\u00e4ngs den \u00f6stra flanken \u2013 hela v\u00e4gen fr\u00e5n norska kusten mot Ishavet ner till den ukrainska kusten mot Svarta havet. F\u00f6r det \u00e4r vi som mycket mer \u00e4n andra vet vilket hot Ryssland \u00e4r, och kan bli igen.<\/p>\n<p>Europa beh\u00f6ver ett st\u00f6rre s\u00e4kerhetspolitiskt sj\u00e4lvf\u00f6rtroende.<\/p>\n<p>F\u00f6r det tredje \u00e4r vi en av v\u00e4rldens st\u00f6rsta bidragsgivare till Ukraina och var med och grundade den stora koalition som h\u00e4rom veckan i Paris diskuterade s\u00e4kerhetsgarantier med b\u00e5de Ukraina och USA.<\/p>\n<p>Dagarna f\u00f6re det tr\u00e4ffades de nationella s\u00e4kerhetsr\u00e5dgivarna i Kiev och f\u00f6rberedde m\u00f6tet. Liksom \u00d6B gjorde med sina milit\u00e4ra kollegor. \u00a0<\/p>\n<p>Under r\u00e4tt omst\u00e4ndigheter \u00e4r vi i Sverige beredda att bidra med Gripen till flyg\u00f6vervakning, med marina resurser f\u00f6r minr\u00f6jning och med milit\u00e4ra utbildningsinsatser.<\/p>\n<p>VI ser \u00e4nnu inga tecken p\u00e5 att Ryssland vill f\u00f6rhandla en anst\u00e4ndig fred. Men vi vet att USA tror det och att Ukraina \u00e4r beredda att f\u00f6rs\u00f6ka.<\/p>\n<p>F\u00f6r det fj\u00e4rde f\u00f6rv\u00e4ntar vi oss stora personliga insatser. F\u00f6r Sverige \u00e4r inte bara en plats f\u00f6r sj\u00e4lvf\u00f6rverkligande, utan ocks\u00e5 en plats f\u00f6r sj\u00e4lvuppoffring.\u00a0<\/p>\n<p>Och det \u00e4r m\u00e5nga i v\u00e5rt land som p\u00e5 olika s\u00e4tt tar det ansvaret. Allt fler inser nu att ett fritt land m\u00e5ste kunna f\u00f6rsvara sin frihet.\u00a0<\/p>\n<p>F\u00f6rra \u00e5ret ryckte 8 139 svenska killar och tjejer in f\u00f6r att g\u00f6ra sin v\u00e4rnplikt och vi bygger ut civilplikten.<\/p>\n<p>Det \u00e4r ingen liten sak att ge bort ett \u00e5r f\u00f6r Sveriges frihet, men vi som har gjort v\u00e4rnplikten vet att det ocks\u00e5 ger erfarenheter f\u00f6r livet.<\/p>\n<p>Och f\u00f6r det femte st\u00e5r vi helhj\u00e4rtat upp f\u00f6r svensk f\u00f6rsvarsindustri, som framg\u00e5ngsrikt exporterar v\u00e5ra f\u00f6rm\u00e5gor \u00e4ven till andra.<\/p>\n<p>Senast genom att g\u00f6ra \u00d6stersj\u00f6n s\u00e4krare med svenska ub\u00e5tar ocks\u00e5 i Polen.<\/p>\n<p>Men \u00e4ven Global Eye, Archer och CV90 s\u00e4tter Sverige p\u00e5 kartan. Det ska vi vara stolta \u00f6ver.<\/p>\n<p>***<\/p>\n<p>Som statsminister gl\u00e4ds jag nu \u00f6ver det breda st\u00f6det f\u00f6r den nya svenska s\u00e4kerhetspolitiken.<\/p>\n<p>ALLA partier st\u00e5r bakom f\u00f6rsvarsupprustningen.<\/p>\n<p>Sex av \u00e5tta partier \u2013 fr\u00e5n Sverigedemokraterna till Socialdemokraterna \u2013 st\u00e5r numera bakom Nato-medlemskapet. Jag tror verkligen p\u00e5 samling i sv\u00e5ra tider.<\/p>\n<p>Men \u2013 och det h\u00e4r tar inte alla p\u00e5 tillr\u00e4ckligt stort allvar:\u00a0<\/p>\n<p>Ska Sverige klara de enorma uppgifter som nu ligger framf\u00f6r oss \u2013 att rusta upp totalf\u00f6rsvaret, l\u00e5ngsiktigt st\u00f6tta Ukraina, utveckla en av v\u00e4rldens finaste v\u00e4lf\u00e4rdsmodeller och klara av den gr\u00f6na omst\u00e4llningen \u2013 d\u00e5 m\u00e5ste Sverige ocks\u00e5 ekonomiskt bli ett av v\u00e4rldens mest framg\u00e5ngsrika och konkurrenskraftiga l\u00e4nder.\u00a0<\/p>\n<p>Annars g\u00e5r det inte ihop. Annars kommer vi tvingas v\u00e4lja och v\u00e4lja bort.<\/p>\n<p>Enighet om stora och l\u00e5ngsiktiga utgifter \u00e4r allts\u00e5 bra. Nu beh\u00f6vs motsvarande enighet ocks\u00e5 om den tillv\u00e4xtpolitik som SKAPAR resurserna.\u00a0<\/p>\n<p>D\u00e4rf\u00f6r beh\u00f6vs en handlingskraftig regering med ett stabilt regeringsunderlag. Och d\u00e4rf\u00f6r forts\u00e4tter jag arbetet med en svensk tillv\u00e4xtpakt i samtal med b\u00e5de n\u00e4ringslivet och andra partier.\u00a0<\/p>\n<p>Ytterst \u00e4r det en stark svensk ekonomi som bygger svensk s\u00e4kerhet i en os\u00e4ker tid.<\/p>\n<p>Tack.\u00a0<\/p>\n","protected":false},"excerpt":{"rendered":"Ers majest\u00e4t och Ers kungliga h\u00f6ghet, Mina damer och herrar, Den regelbaserade och multilaterala v\u00e4rldsordning som skapades efter&hellip;\n","protected":false},"author":2,"featured_media":132233,"comment_status":"","ping_status":"","sticky":false,"template":"","format":"standard","meta":{"footnotes":""},"categories":[5],"tags":[22,23,26,27,17,21,24,25,28,29,15,16,18,34,31,33,32,30,19,20],"class_list":{"0":"post-132232","1":"post","2":"type-post","3":"status-publish","4":"format-standard","5":"has-post-thumbnail","7":"category-rubriker","8":"tag-breaking-news","9":"tag-breakingnews","10":"tag-featured-news","11":"tag-featurednews","12":"tag-headlines","13":"tag-huvudnyheter","14":"tag-latest-news","15":"tag-latestnews","16":"tag-main-news","17":"tag-mainnews","18":"tag-news","19":"tag-nyheter","20":"tag-rubriker","21":"tag-se","22":"tag-svenska","23":"tag-sverige","24":"tag-sweden","25":"tag-swedish","26":"tag-top-stories","27":"tag-topstories"},"share_on_mastodon":{"url":"https:\/\/pubeurope.com\/@se\/115876437936515061","error":""},"_links":{"self":[{"href":"https:\/\/www.europesays.com\/se\/wp-json\/wp\/v2\/posts\/132232","targetHints":{"allow":["GET"]}}],"collection":[{"href":"https:\/\/www.europesays.com\/se\/wp-json\/wp\/v2\/posts"}],"about":[{"href":"https:\/\/www.europesays.com\/se\/wp-json\/wp\/v2\/types\/post"}],"author":[{"embeddable":true,"href":"https:\/\/www.europesays.com\/se\/wp-json\/wp\/v2\/users\/2"}],"replies":[{"embeddable":true,"href":"https:\/\/www.europesays.com\/se\/wp-json\/wp\/v2\/comments?post=132232"}],"version-history":[{"count":0,"href":"https:\/\/www.europesays.com\/se\/wp-json\/wp\/v2\/posts\/132232\/revisions"}],"wp:featuredmedia":[{"embeddable":true,"href":"https:\/\/www.europesays.com\/se\/wp-json\/wp\/v2\/media\/132233"}],"wp:attachment":[{"href":"https:\/\/www.europesays.com\/se\/wp-json\/wp\/v2\/media?parent=132232"}],"wp:term":[{"taxonomy":"category","embeddable":true,"href":"https:\/\/www.europesays.com\/se\/wp-json\/wp\/v2\/categories?post=132232"},{"taxonomy":"post_tag","embeddable":true,"href":"https:\/\/www.europesays.com\/se\/wp-json\/wp\/v2\/tags?post=132232"}],"curies":[{"name":"wp","href":"https:\/\/api.w.org\/{rel}","templated":true}]}}