{"id":132242,"date":"2026-01-11T12:28:06","date_gmt":"2026-01-11T12:28:06","guid":{"rendered":"https:\/\/www.europesays.com\/se\/132242\/"},"modified":"2026-01-11T12:28:06","modified_gmt":"2026-01-11T12:28:06","slug":"thand-ringqvist-c-regeringen-bor-hoja-retoriken-mot-trump-altinget-se","status":"publish","type":"post","link":"https:\/\/www.europesays.com\/se\/132242\/","title":{"rendered":"Thand Ringqvist (C): Regeringen b\u00f6r h\u00f6ja retoriken mot Trump &#8211; Altinget.se"},"content":{"rendered":"<ol>\n<li><a href=\"https:\/\/news.google.com\/rss\/articles\/CBMikwFBVV95cUxQdmF2R2h5OGJleW1aM1RTaVRBbjlOa2ZibXA2bmxlRmZabmhEQjdsRnRWdXB3bUVWUnIycDZKakpRcWZYZEJPRlZBSTJKejRNMXE4Z2hlQVFycGZKenlBaHNwRGJ3Wnlmek1kX0xQaE9vZzZLWVVkaEFWOElpcmFvclJocWE0X0VDSmt3V01jbWc3U0U?oc=5\" target=\"_blank\" rel=\"nofollow noopener\">Thand Ringqvist (C): Regeringen b\u00f6r h\u00f6ja retoriken mot Trump<\/a>&nbsp;&nbsp;Altinget.se<\/li>\n<li><a href=\"https:\/\/news.google.com\/rss\/articles\/CBMisgFBVV95cUxPSWZlcDNlU1pOQXhaU080UXIwcmdzRWpRTEVFSWhvVUpSS3NSWHQ2dUMydTg2d1NaYllCOWFBYkRmanlxZFpGdmFjY2tLcFlDdUsyclVIQWh1Y0ExU2RwMFJab2Z5bFVMN2pDZjQ1NGQyTU1hQk5DVFBIUTlibnVfT0pjNFZFR0FPMmZUbG1rZVp3MVlyMEFNbm9RNWVYMVpIM0RXckhhNjFlMEpmamUyaXlB?oc=5\" target=\"_blank\" rel=\"nofollow noopener\">Ett inl\u00e4gg i \u201dSenaste nytt om Folk och f\u00f6rsvar 2026\u201d<\/a>&nbsp;&nbsp;SVT Nyheter<\/li>\n<li><a href=\"https:\/\/news.google.com\/rss\/articles\/CBMilAFBVV95cUxNN05lbklfZEc1OXZPM0VtQlg2VHIwV0RFLVRFMzUtSjBTLUVqWUVHUDVJU0FGOEFzWWNUMTl6R09SR3RRVTZiMkxpX25weG5CUmdZS1RYZVhGTHl5aE00VzFqYjJrZzdsUm4ydzJURU5va3o4VVJ4SXlrMFZOeHp0ajdXX05PVF9naUhMaUViTHlkUEFp?oc=5\" target=\"_blank\" rel=\"nofollow noopener\">Magdalena Andersson \u00f6ppnar f\u00f6r svenska soldater p\u00e5 Gr\u00f6nland<\/a>&nbsp;&nbsp;ETC.se<\/li>\n<li><a href=\"https:\/\/news.google.com\/rss\/articles\/CBMilAFBVV95cUxNMFVBc3NGY20wUTJLVC0zSFdPcHM2VEhaNHNycDVabS1RdDRJZkFBMHJHNVVRSFpLLTBUMHY2RVZQa0RaNFd3QVlPazljX1ZaakJJdmVDaHZod3hZRXAxSXVmQUw0TnFKNVVlX2ZNbUhTMnlqOHpkNlRKU3pwRXB0LWZOb0R4RlVkaDVRQmFzUmZaaWZB?oc=5\" target=\"_blank\" rel=\"nofollow noopener\">Kravet: Vi m\u00e5ste skr\u00e4mma Trump<\/a>&nbsp;&nbsp;Expressen<\/li>\n<li><a href=\"https:\/\/news.google.com\/rss\/articles\/CBMif0FVX3lxTE1GbHJLVVlHbHpYbkdUcjQ2djVVWkloU3dlTm81dUhmN3MzU3lnTERKamVjRl9Gc2Z3bWhLWnBUOWFMbUtUWjlwcDlKRnVkYVZ4bkl5YVFmSmRYR010alEzc2llY2YxRTl5TGZsMTc3QktkTnpzNUNhR19VSHNrQ00?oc=5\" target=\"_blank\" rel=\"nofollow noopener\">Andersson \u00f6ppnar f\u00f6r svensk milit\u00e4r p\u00e5 Gr\u00f6nland<\/a>&nbsp;&nbsp;Omni<\/li>\n<\/ol>\n","protected":false},"excerpt":{"rendered":"Thand Ringqvist (C): Regeringen b\u00f6r h\u00f6ja retoriken mot Trump&nbsp;&nbsp;Altinget.se Ett inl\u00e4gg i \u201dSenaste nytt om Folk och f\u00f6rsvar&hellip;\n","protected":false},"author":2,"featured_media":132243,"comment_status":"","ping_status":"","sticky":false,"template":"","format":"standard","meta":{"footnotes":""},"categories":[12],"tags":[22,23,26,27,17,21,24,25,28,29,15,16,18,34,31,33,32,30,19,20],"class_list":{"0":"post-132242","1":"post","2":"type-post","3":"status-publish","4":"format-standard","5":"has-post-thumbnail","7":"category-sverige","8":"tag-breaking-news","9":"tag-breakingnews","10":"tag-featured-news","11":"tag-featurednews","12":"tag-headlines","13":"tag-huvudnyheter","14":"tag-latest-news","15":"tag-latestnews","16":"tag-main-news","17":"tag-mainnews","18":"tag-news","19":"tag-nyheter","20":"tag-rubriker","21":"tag-se","22":"tag-svenska","23":"tag-sverige","24":"tag-sweden","25":"tag-swedish","26":"tag-top-stories","27":"tag-topstories"},"share_on_mastodon":{"url":"https:\/\/pubeurope.com\/@se\/115876469448581819","error":""},"_links":{"self":[{"href":"https:\/\/www.europesays.com\/se\/wp-json\/wp\/v2\/posts\/132242","targetHints":{"allow":["GET"]}}],"collection":[{"href":"https:\/\/www.europesays.com\/se\/wp-json\/wp\/v2\/posts"}],"about":[{"href":"https:\/\/www.europesays.com\/se\/wp-json\/wp\/v2\/types\/post"}],"author":[{"embeddable":true,"href":"https:\/\/www.europesays.com\/se\/wp-json\/wp\/v2\/users\/2"}],"replies":[{"embeddable":true,"href":"https:\/\/www.europesays.com\/se\/wp-json\/wp\/v2\/comments?post=132242"}],"version-history":[{"count":0,"href":"https:\/\/www.europesays.com\/se\/wp-json\/wp\/v2\/posts\/132242\/revisions"}],"wp:featuredmedia":[{"embeddable":true,"href":"https:\/\/www.europesays.com\/se\/wp-json\/wp\/v2\/media\/132243"}],"wp:attachment":[{"href":"https:\/\/www.europesays.com\/se\/wp-json\/wp\/v2\/media?parent=132242"}],"wp:term":[{"taxonomy":"category","embeddable":true,"href":"https:\/\/www.europesays.com\/se\/wp-json\/wp\/v2\/categories?post=132242"},{"taxonomy":"post_tag","embeddable":true,"href":"https:\/\/www.europesays.com\/se\/wp-json\/wp\/v2\/tags?post=132242"}],"curies":[{"name":"wp","href":"https:\/\/api.w.org\/{rel}","templated":true}]}}