{"id":132244,"date":"2026-01-11T12:29:15","date_gmt":"2026-01-11T12:29:15","guid":{"rendered":"https:\/\/www.europesays.com\/se\/132244\/"},"modified":"2026-01-11T12:29:15","modified_gmt":"2026-01-11T12:29:15","slug":"ran-och-valdtaktsforsok-i-huskvarna-tre-tidigare-fall-i-omradet","status":"publish","type":"post","link":"https:\/\/www.europesays.com\/se\/132244\/","title":{"rendered":"R\u00e5n och v\u00e5ldt\u00e4ktsf\u00f6rs\u00f6k i Huskvarna \u2013 tre tidigare fall i omr\u00e5det"},"content":{"rendered":"<p><img decoding=\"async\" class=\"image-asset hyperion-css-n6kkq1\" data-test-tag=\"image-asset\" src=\"https:\/\/www.europesays.com\/se\/wp-content\/uploads\/2026\/01\/1768134554_15_630b0789-508e-4426-ac0e-f0a3067c84f6.png\"  alt=\"\"  loading=\"lazy\" fetchpriority=\"auto\" style=\"aspect-ratio:1900 \/ 1900\"\/><img decoding=\"async\" class=\"image-asset hyperion-css-n6kkq1\" data-test-tag=\"image-asset\" src=\"https:\/\/www.europesays.com\/se\/wp-content\/uploads\/2026\/01\/1768134555_653_d03087d7-b67e-4a2d-9ab9-086b23863ce8.png\"  alt=\"\"  loading=\"lazy\" fetchpriority=\"auto\" style=\"aspect-ratio:1900 \/ 1900\"\/><\/p>\n<p class=\"boxtextgrotesk-root_baa6 hyperion-css-7pajle\">Uppdaterad 12.39 | Publicerad 08.04<\/p>\n<p>share-arrowDela<\/p>\n<p>unsaveSpara<\/p>\n<p>expand-left<\/p>\n<p>helsk\u00e4rm<img decoding=\"async\" class=\"image-asset hyperion-css-u06ts1\" data-test-tag=\"image-asset\" src=\"https:\/\/www.europesays.com\/se\/wp-content\/uploads\/2026\/01\/e34681eb-733f-4620-9ef1-437f856990a1.jpeg\"  alt=\"I\"  loading=\"eager\" fetchpriority=\"high\" style=\"aspect-ratio:1900 \/ 1206\"\/>Arkivbild. Foto: TT<\/p>\n<p class=\"hyperion-css-1shl3oz\" data-test-tag=\"lead-text\">I natt utsattes en kvinna i 85-\u00e5rs\u00e5ldern f\u00f6r grovt r\u00e5n och f\u00f6rs\u00f6k till v\u00e5ldt\u00e4kt.<\/p>\n<p class=\"hyperion-css-1shl3oz\" data-test-tag=\"lead-text\">R\u00e5net \u00e4r det senaste av flera liknande fall.<\/p>\n<p class=\"hyperion-css-1shl3oz\" data-test-tag=\"lead-text\">Polisen misst\u00e4nker att en liga riktar in sig p\u00e5 \u00e4ldre \u00e4nkor \u2013\u00a0och r\u00e5nen har blivit mer v\u00e5ldsamma f\u00f6r varje g\u00e5ng, enligt Aftonbladets uppgifter.<\/p>\n<ul class=\"hyperion-css-e9gx76\" data-test-tag=\"list\">\n<li class=\"hyperion-css-1d843yr\">I Huskvarna har fyra liknande brott d\u00e4r \u00e4ldre \u00e4nkor r\u00e5nas, varav det senaste \u00e4ven innefattar ett f\u00f6rs\u00f6k till grov v\u00e5ldt\u00e4kt, intr\u00e4ffat inom tv\u00e5 veckor.  <\/li>\n<li class=\"hyperion-css-1d843yr\">Polisen misst\u00e4nker att en liga inriktar sig p\u00e5 \u00e4ldre personer, framf\u00f6r allt \u00e4nkor, och g\u00e4rningspersonerna anv\u00e4nder v\u00e5ld eller hot f\u00f6r att stj\u00e4la v\u00e4rdesaker.  <\/li>\n<li class=\"hyperion-css-1d843yr\">Brottsfallen har blivit alltmer v\u00e5ldsamma, och polisen v\u00e4djar till allm\u00e4nheten om tips samtidigt som de ser samband mellan fallen men har \u00e4nnu inte gripit n\u00e5gon.  <\/li>\n<\/ul>\n<p>L\u00e4s mer<\/p>\n<p class=\"hyperion-css-1v9qo5x\">En eller flera g\u00e4rningspersoner br\u00f6t sig in hos en kvinna i 85-\u00e5rs\u00e5ldern i <a data-test-tag=\"internal-link\" href=\"https:\/\/www.aftonbladet.se\/tagg\/huskvarna\" class=\"hyperion-css-15jkft9\" rel=\"nofollow noopener\" target=\"\" aria-label=\"Huskvarna\">Huskvarna<\/a> under natten och stal v\u00e4rdesaker.  <\/p>\n<p class=\"hyperion-css-1v9qo5x\">\u2013 Man har tagit sig in i en bostad och tvingat till sig v\u00e4rdesaker med hot om v\u00e5ld mot den h\u00e4r kvinnan, s\u00e4ger Martina Gradian, presstalesperson hos polisen i region \u00d6st.<\/p>\n<p class=\"hyperion-css-1v9qo5x\">Polisen utreder \u00e4ven v\u00e5ldt\u00e4ktsf\u00f6rs\u00f6k, men vill inte kommentera g\u00e4rningen ytterligare.<\/p>\n<p class=\"hyperion-css-1v9qo5x\">\u2013 Generellt inneb\u00e4r f\u00f6rs\u00f6k att man har p\u00e5b\u00f6rjat en brottslig handling men inte fullbordat den. Att den bed\u00f6ms som grov kan till exempel bero p\u00e5 att man anv\u00e4nt v\u00e5ld, hot eller att man haft ett tillhygge av n\u00e5got slag eller att brottsoffret \u00e4r i en s\u00e4rskilt utsatt position, s\u00e4ger Martina Gradian.<\/p>\n<p>Fyra fall p\u00e5 tv\u00e5 veckor<\/p>\n<p class=\"hyperion-css-1v9qo5x\">Brottsrubriceringarna \u00e4r grovt r\u00e5n och f\u00f6rs\u00f6k till grov v\u00e5ldt\u00e4kt. <\/p>\n<p class=\"hyperion-css-1v9qo5x\">Ingen person har gripits i nul\u00e4get och polisen v\u00e4djar nu till allm\u00e4nheten att h\u00f6ra av sig med tips.<\/p>\n<p class=\"hyperion-css-1v9qo5x\">Fallet p\u00e5 s\u00f6ndagen \u00e4r det fj\u00e4rde liknande fallet i Huskvarnaomr\u00e5det inom loppet av tv\u00e5 veckor.<\/p>\n<p class=\"hyperion-css-1v9qo5x\">Natten till den 31 december och tidigt p\u00e5 morgonen den sjunde januari intr\u00e4ffade liknande fall d\u00e4r rubriceringen var r\u00e5n. Och tidigt p\u00e5 morgonen den 8 januari intr\u00e4ffade ett f\u00f6rs\u00f6k till r\u00e5n. <\/p>\n<p class=\"hyperion-css-1v9qo5x\">\u2013\u00a0\u00a0De h\u00e4r har alla samma tillv\u00e4gag\u00e5ngss\u00e4tt, det \u00e4r \u00e4ldre personer som blir drabbade d\u00e4r ok\u00e4nda g\u00e4rningspersoner tar sig in i deras bost\u00e4der och tar v\u00e4rdesaker och avviker. Man har p\u00e5 olika s\u00e4tt f\u00f6rm\u00e5tt de h\u00e4r \u00e4ldre personerna att \u00f6ppna d\u00f6rren, det kan vara att man knackar p\u00e5 eller ringer p\u00e5, s\u00e4ger Martina Gradian. <\/p>\n<p>Mer och mer v\u00e5ld<\/p>\n<p class=\"hyperion-css-1v9qo5x\">Enligt Aftonbladets uppgifter har brotten varit mycket v\u00e5ldsamma i flera fall. Misstanken \u00e4r att g\u00e4rningsm\u00e4nnen s\u00e4rskilt riktat in sig p\u00e5 \u00e4nkor, enligt uppgifterna.<\/p>\n<p class=\"hyperion-css-1v9qo5x\">Samtliga brottsoffer har varit i 80-\u00e5rs\u00e5ldern uppger polisen, som tror att det kan r\u00f6ra sig om samma g\u00e4rningsm\u00e4n i samtliga fyra fall.<\/p>\n<p class=\"hyperion-css-1v9qo5x\">\u2013\u00a0Det \u00e4r vad vi tror i nul\u00e4get, vi ser samband mellan tillv\u00e4gag\u00e5ngss\u00e4ttet. Vi kan inte bekr\u00e4fta det sambandet men vi letar efter samma g\u00e4rningspersoner, s\u00e4ger Martina Gradian.<\/p>\n<p class=\"hyperion-css-1v9qo5x\">Tips kan l\u00e4mnas till polisen p\u00e5 telefonnummer 114\u00a014.<\/p>\n","protected":false},"excerpt":{"rendered":"Uppdaterad 12.39 | Publicerad 08.04 share-arrowDela unsaveSpara expand-left helsk\u00e4rmArkivbild. Foto: TT I natt utsattes en kvinna i 85-\u00e5rs\u00e5ldern&hellip;\n","protected":false},"author":2,"featured_media":132245,"comment_status":"","ping_status":"","sticky":false,"template":"","format":"standard","meta":{"footnotes":""},"categories":[5],"tags":[22,23,26,27,17,21,24,25,28,29,15,16,18,34,31,33,32,30,19,20],"class_list":{"0":"post-132244","1":"post","2":"type-post","3":"status-publish","4":"format-standard","5":"has-post-thumbnail","7":"category-rubriker","8":"tag-breaking-news","9":"tag-breakingnews","10":"tag-featured-news","11":"tag-featurednews","12":"tag-headlines","13":"tag-huvudnyheter","14":"tag-latest-news","15":"tag-latestnews","16":"tag-main-news","17":"tag-mainnews","18":"tag-news","19":"tag-nyheter","20":"tag-rubriker","21":"tag-se","22":"tag-svenska","23":"tag-sverige","24":"tag-sweden","25":"tag-swedish","26":"tag-top-stories","27":"tag-topstories"},"share_on_mastodon":{"url":"https:\/\/pubeurope.com\/@se\/115876473309834100","error":""},"_links":{"self":[{"href":"https:\/\/www.europesays.com\/se\/wp-json\/wp\/v2\/posts\/132244","targetHints":{"allow":["GET"]}}],"collection":[{"href":"https:\/\/www.europesays.com\/se\/wp-json\/wp\/v2\/posts"}],"about":[{"href":"https:\/\/www.europesays.com\/se\/wp-json\/wp\/v2\/types\/post"}],"author":[{"embeddable":true,"href":"https:\/\/www.europesays.com\/se\/wp-json\/wp\/v2\/users\/2"}],"replies":[{"embeddable":true,"href":"https:\/\/www.europesays.com\/se\/wp-json\/wp\/v2\/comments?post=132244"}],"version-history":[{"count":0,"href":"https:\/\/www.europesays.com\/se\/wp-json\/wp\/v2\/posts\/132244\/revisions"}],"wp:featuredmedia":[{"embeddable":true,"href":"https:\/\/www.europesays.com\/se\/wp-json\/wp\/v2\/media\/132245"}],"wp:attachment":[{"href":"https:\/\/www.europesays.com\/se\/wp-json\/wp\/v2\/media?parent=132244"}],"wp:term":[{"taxonomy":"category","embeddable":true,"href":"https:\/\/www.europesays.com\/se\/wp-json\/wp\/v2\/categories?post=132244"},{"taxonomy":"post_tag","embeddable":true,"href":"https:\/\/www.europesays.com\/se\/wp-json\/wp\/v2\/tags?post=132244"}],"curies":[{"name":"wp","href":"https:\/\/api.w.org\/{rel}","templated":true}]}}