{"id":132251,"date":"2026-01-11T12:35:17","date_gmt":"2026-01-11T12:35:17","guid":{"rendered":"https:\/\/www.europesays.com\/se\/132251\/"},"modified":"2026-01-11T12:35:17","modified_gmt":"2026-01-11T12:35:17","slug":"usa-uppmanar-sina-medborgare-att-lamna-venezuela","status":"publish","type":"post","link":"https:\/\/www.europesays.com\/se\/132251\/","title":{"rendered":"USA uppmanar sina medborgare att l\u00e4mna Venezuela"},"content":{"rendered":"<p class=\"boxtextgrotesk-root_baa6 hyperion-css-7pajle\">Publicerad 2026-01-10 23.30<\/p>\n<p>share-arrowDela<\/p>\n<p>unsaveSpara<\/p>\n<p>expand-left<\/p>\n<p>helsk\u00e4rm<img decoding=\"async\" class=\"image-asset hyperion-css-u06ts1\" data-test-tag=\"image-asset\" src=\"https:\/\/www.europesays.com\/se\/wp-content\/uploads\/2026\/01\/8c06a4ba-7a46-44ca-a2dd-0dba9a29ea5a.jpeg\"  alt=\"Uppmaningen kommer sedan USA tillf\u00e5ngatog Venezuelas ledare Nicol\u00e1s Maduro i en attack mot landet den 3 januari i \u00e5r. Arkivbild.\"  loading=\"eager\" fetchpriority=\"high\" style=\"aspect-ratio:1900 \/ 1267\"\/>Uppmaningen kommer sedan USA tillf\u00e5ngatog Venezuelas ledare Nicol\u00e1s Maduro i en attack mot landet den 3 januari i \u00e5r. Arkivbild. Foto: Matias Delacroix\/AP\/TT<\/p>\n<p class=\"hyperion-css-1shl3oz\" data-test-tag=\"lead-text\">Amerikaner som finner sig i Venezuela b\u00f6r l\u00e4mna landet \u201domedelbart\u201d, s\u00e4ger USA:s utrikesdepartement.<\/p>\n<p class=\"hyperion-css-1v9qo5x\">Uppmaningen sker med h\u00e4nvisning till att situationen i landet \u00e4r \u201df\u00f6r\u00e4nderlig\u201d, vilket bland annat kan inneb\u00e4ra en risk att paramilit\u00e4ra grupperingar b\u00f6rjar s\u00f6ka efter amerikanska medborgare vid v\u00e4gsp\u00e4rrar.<\/p>\n<p class=\"hyperion-css-1v9qo5x\">Budskapet fr\u00e5n utrikesdepartementet kommer efter det att USA f\u00f6r en vecka sedan tillf\u00e5ngatog ledaren Nicol\u00e1s Maduro i en attack mot Caracas.<\/p>\n<p class=\"hyperion-css-1v9qo5x\">\u201dSedan internationella flygningar har \u00e5terupptagits b\u00f6r amerikanska medborgare i Venezuela l\u00e4mna landet omedelbart\u201d, skriver man i sin uppmaning.<\/p>\n","protected":false},"excerpt":{"rendered":"Publicerad 2026-01-10 23.30 share-arrowDela unsaveSpara expand-left helsk\u00e4rmUppmaningen kommer sedan USA tillf\u00e5ngatog Venezuelas ledare Nicol\u00e1s Maduro i en attack&hellip;\n","protected":false},"author":2,"featured_media":132252,"comment_status":"","ping_status":"","sticky":false,"template":"","format":"standard","meta":{"footnotes":""},"categories":[14],"tags":[22,23,26,27,17,21,24,25,28,29,15,16,18,34,31,33,32,30,19,20,51,52,53,54],"class_list":{"0":"post-132251","1":"post","2":"type-post","3":"status-publish","4":"format-standard","5":"has-post-thumbnail","7":"category-varlden","8":"tag-breaking-news","9":"tag-breakingnews","10":"tag-featured-news","11":"tag-featurednews","12":"tag-headlines","13":"tag-huvudnyheter","14":"tag-latest-news","15":"tag-latestnews","16":"tag-main-news","17":"tag-mainnews","18":"tag-news","19":"tag-nyheter","20":"tag-rubriker","21":"tag-se","22":"tag-svenska","23":"tag-sverige","24":"tag-sweden","25":"tag-swedish","26":"tag-top-stories","27":"tag-topstories","28":"tag-varlden","29":"tag-world","30":"tag-world-news","31":"tag-worldnews"},"share_on_mastodon":{"url":"https:\/\/pubeurope.com\/@se\/115876496922364476","error":""},"_links":{"self":[{"href":"https:\/\/www.europesays.com\/se\/wp-json\/wp\/v2\/posts\/132251","targetHints":{"allow":["GET"]}}],"collection":[{"href":"https:\/\/www.europesays.com\/se\/wp-json\/wp\/v2\/posts"}],"about":[{"href":"https:\/\/www.europesays.com\/se\/wp-json\/wp\/v2\/types\/post"}],"author":[{"embeddable":true,"href":"https:\/\/www.europesays.com\/se\/wp-json\/wp\/v2\/users\/2"}],"replies":[{"embeddable":true,"href":"https:\/\/www.europesays.com\/se\/wp-json\/wp\/v2\/comments?post=132251"}],"version-history":[{"count":0,"href":"https:\/\/www.europesays.com\/se\/wp-json\/wp\/v2\/posts\/132251\/revisions"}],"wp:featuredmedia":[{"embeddable":true,"href":"https:\/\/www.europesays.com\/se\/wp-json\/wp\/v2\/media\/132252"}],"wp:attachment":[{"href":"https:\/\/www.europesays.com\/se\/wp-json\/wp\/v2\/media?parent=132251"}],"wp:term":[{"taxonomy":"category","embeddable":true,"href":"https:\/\/www.europesays.com\/se\/wp-json\/wp\/v2\/categories?post=132251"},{"taxonomy":"post_tag","embeddable":true,"href":"https:\/\/www.europesays.com\/se\/wp-json\/wp\/v2\/tags?post=132251"}],"curies":[{"name":"wp","href":"https:\/\/api.w.org\/{rel}","templated":true}]}}