{"id":132253,"date":"2026-01-11T12:36:09","date_gmt":"2026-01-11T12:36:09","guid":{"rendered":"https:\/\/www.europesays.com\/se\/132253\/"},"modified":"2026-01-11T12:36:09","modified_gmt":"2026-01-11T12:36:09","slug":"efter-kylan-nu-rullar-vissa-nattag-igen-vasterbottens-kuriren","status":"publish","type":"post","link":"https:\/\/www.europesays.com\/se\/132253\/","title":{"rendered":"Efter kylan \u2013 nu rullar vissa natt\u00e5g igen &#8211; V\u00e4sterbottens-Kuriren"},"content":{"rendered":"<ol>\n<li><a href=\"https:\/\/news.google.com\/rss\/articles\/CBMif0FVX3lxTE5HZkpyZE5KVkhHRW05RVpCVlFvV2xXLUJhaVpxOGZPOGhBOG5SWUFISVlPOGZKaU83TXFhbFA4QzM3Y1JBQmlCRTNydFE2XzJOX0x4Vm5Gck1sSmF4eTE2RUc2Z3VpbkdjTVpLRE9NeDNBOXJDNkNFVXRtSVQ1ZTA?oc=5\" target=\"_blank\" rel=\"nofollow noopener\">Efter kylan \u2013 nu rullar vissa natt\u00e5g igen<\/a>&nbsp;&nbsp;V\u00e4sterbottens-Kuriren<\/li>\n<li><a href=\"https:\/\/news.google.com\/rss\/articles\/CBMiggFBVV95cUxNb1d5YmIxNzFkYXZqQWYzaFVHM3h0a2lGc1dEUVJoR1FLQVhRYmRidW9tdk13em8tZkxjNG1uaGZ1TTZhdGpqdVlvQnhWd0RZd2h0OGJaa0l1YVlTc0Z0SGZtYVJ4X0UzamNZc2xTY3lRTkd3TFI4ZERTOG5CYkhibXlR?oc=5\" target=\"_blank\" rel=\"nofollow noopener\">Natt\u00e5gstrafiken st\u00e5r still igen \u2013 f\u00f6r kallt<\/a>&nbsp;&nbsp;V\u00e4sterbottens-Kuriren<\/li>\n<li><a href=\"https:\/\/news.google.com\/rss\/articles\/CBMiggFBVV95cUxNWFRGYnh4c1ZCVXM0dnphN3NUX2RSVGNFQjdYcHJZbUl0bDNFMV9SUXJxTGF6MFBVeXhyTEt2ZW0xUnhodGw2b0JlQk9jZmlfTUFfMmtXbmVQZzZDaGlJcl9kWlZzRTA1dWdnRFV0em83Zmx5c040Wm4teFNTUkZRX3Zn?oc=5\" target=\"_blank\" rel=\"nofollow noopener\">V\u00e4ndningen: Alla natt\u00e5g fortsatt inst\u00e4llda &#8211; P4 Norrbotten<\/a>&nbsp;&nbsp;Sveriges Radio<\/li>\n<li><a href=\"https:\/\/news.google.com\/rss\/articles\/CBMipwFBVV95cUxNYVpfYnJKVlR5WU8tNTBuU0NfLW82aGJKTUs5c1pXYk5ZdlJmZ2g3dG5ScUtBZmtHUGlxT2RWZWJEWlNjOU4zVVZwRzYzQWFwNlA3dFY2aE5sOUxBelFGMXpkYVR3SDdFZTdQc29ENW1MRkQwWWhzNVJsOVBySXIxeW82Ukdzd0hVNFlPUU1iT01VQmY3cGJlZWlkZ0docVNHMWFLWnZIaw?oc=5\" target=\"_blank\" rel=\"nofollow noopener\">Greta i Ume\u00e5 har v\u00e4ntat elva dagar p\u00e5 att f\u00e5 ta t\u00e5get hem<\/a>&nbsp;&nbsp;SVT Nyheter<\/li>\n<li><a href=\"https:\/\/news.google.com\/rss\/articles\/CBMiigFBVV95cUxPMnM0aE5ObVMxNG9jOTRJZG8xb2tnNUh6T0ExdG40c0RnZ2Q3bVBLNXN1cFB3WURQam5BQWQyclBHRWN2OXRPMkV2bkQ1ME40d0ZWMmFqbnphbEE3ZnJLN3c2UXlFSjlLSlJBUEY1aUhLTGhhb3dScjVsaU9paC1EY0JmY2hGM2dnWmc?oc=5\" target=\"_blank\" rel=\"nofollow noopener\">Natt\u00e5get inst\u00e4llt igen<\/a>&nbsp;&nbsp;Aftonbladet<\/li>\n<\/ol>\n","protected":false},"excerpt":{"rendered":"Efter kylan \u2013 nu rullar vissa natt\u00e5g igen&nbsp;&nbsp;V\u00e4sterbottens-Kuriren Natt\u00e5gstrafiken st\u00e5r still igen \u2013 f\u00f6r kallt&nbsp;&nbsp;V\u00e4sterbottens-Kuriren V\u00e4ndningen: Alla natt\u00e5g&hellip;\n","protected":false},"author":2,"featured_media":132254,"comment_status":"","ping_status":"","sticky":false,"template":"","format":"standard","meta":{"footnotes":""},"categories":[12],"tags":[22,23,26,27,17,21,24,25,28,29,15,16,18,34,31,33,32,30,19,20],"class_list":{"0":"post-132253","1":"post","2":"type-post","3":"status-publish","4":"format-standard","5":"has-post-thumbnail","7":"category-sverige","8":"tag-breaking-news","9":"tag-breakingnews","10":"tag-featured-news","11":"tag-featurednews","12":"tag-headlines","13":"tag-huvudnyheter","14":"tag-latest-news","15":"tag-latestnews","16":"tag-main-news","17":"tag-mainnews","18":"tag-news","19":"tag-nyheter","20":"tag-rubriker","21":"tag-se","22":"tag-svenska","23":"tag-sverige","24":"tag-sweden","25":"tag-swedish","26":"tag-top-stories","27":"tag-topstories"},"share_on_mastodon":{"url":"https:\/\/pubeurope.com\/@se\/115876500891464631","error":""},"_links":{"self":[{"href":"https:\/\/www.europesays.com\/se\/wp-json\/wp\/v2\/posts\/132253","targetHints":{"allow":["GET"]}}],"collection":[{"href":"https:\/\/www.europesays.com\/se\/wp-json\/wp\/v2\/posts"}],"about":[{"href":"https:\/\/www.europesays.com\/se\/wp-json\/wp\/v2\/types\/post"}],"author":[{"embeddable":true,"href":"https:\/\/www.europesays.com\/se\/wp-json\/wp\/v2\/users\/2"}],"replies":[{"embeddable":true,"href":"https:\/\/www.europesays.com\/se\/wp-json\/wp\/v2\/comments?post=132253"}],"version-history":[{"count":0,"href":"https:\/\/www.europesays.com\/se\/wp-json\/wp\/v2\/posts\/132253\/revisions"}],"wp:featuredmedia":[{"embeddable":true,"href":"https:\/\/www.europesays.com\/se\/wp-json\/wp\/v2\/media\/132254"}],"wp:attachment":[{"href":"https:\/\/www.europesays.com\/se\/wp-json\/wp\/v2\/media?parent=132253"}],"wp:term":[{"taxonomy":"category","embeddable":true,"href":"https:\/\/www.europesays.com\/se\/wp-json\/wp\/v2\/categories?post=132253"},{"taxonomy":"post_tag","embeddable":true,"href":"https:\/\/www.europesays.com\/se\/wp-json\/wp\/v2\/tags?post=132253"}],"curies":[{"name":"wp","href":"https:\/\/api.w.org\/{rel}","templated":true}]}}