{"id":132255,"date":"2026-01-11T12:37:12","date_gmt":"2026-01-11T12:37:12","guid":{"rendered":"https:\/\/www.europesays.com\/se\/132255\/"},"modified":"2026-01-11T12:37:12","modified_gmt":"2026-01-11T12:37:12","slug":"liverpools-conor-bradley-borta-resten-av-sasongen","status":"publish","type":"post","link":"https:\/\/www.europesays.com\/se\/132255\/","title":{"rendered":"Liverpools Conor Bradley borta resten av s\u00e4songen"},"content":{"rendered":"<p><a data-test-tag=\"internal-link\" href=\"https:\/\/www.aftonbladet.se\/av\/amanda-zaza\" class=\"hyperion-css-13ns1rr\" rel=\"nofollow noopener\" target=\"\" aria-label=\"Se alla artiklar av Amanda Zaza\"><img decoding=\"async\" class=\"image-asset hyperion-css-n6kkq1\" data-test-tag=\"image-asset\" src=\"https:\/\/www.europesays.com\/se\/wp-content\/uploads\/2026\/01\/1768135032_333_be766d86-0a01-427b-a374-88c037ad4655.png\"  alt=\"\"  loading=\"lazy\" fetchpriority=\"auto\" style=\"aspect-ratio:1900 \/ 1900\"\/><\/a><\/p>\n<p class=\"boxtextgrotesk-root_baa6 hyperion-css-1w346fg\">Uppdaterad 13.15 | Publicerad 13.09<\/p>\n<p>share-arrowDela<\/p>\n<p>unsaveSpara<\/p>\n<p>Lyssna p\u00e5 artikelnLyssna p\u00e5&#8230;<\/p>\n<p class=\"hyperion-css-1shl3oz\" data-test-tag=\"lead-text\">Conor Bradley landade snett \u2013 och blev knuffad av Gabriel Martinelli. <\/p>\n<p class=\"hyperion-css-1shl3oz\" data-test-tag=\"lead-text\">Nu v\u00e4ntar operation. <\/p>\n<p class=\"hyperion-css-1shl3oz\" data-test-tag=\"lead-text\">Och han blir borta resten av s\u00e4songen. <\/p>\n<p class=\"hyperion-css-1v9qo5x\">Arsenal och Liverpool spelade 0\u20130 i <a data-test-tag=\"internal-link\" href=\"https:\/\/www.aftonbladet.se\/tagg\/premier-league\" class=\"hyperion-css-15jkft9\" rel=\"nofollow noopener\" target=\"\" aria-label=\"Premier League\" theme=\"sportbladet\">Premier League<\/a> \u2013 och n\u00e4r en avslagen match inte bj\u00f6d p\u00e5 n\u00e5got handlade efterspelet om Arsenals Gabriel Martinelli och Liverpools Conor Bradley. <\/p>\n<p class=\"hyperion-css-1v9qo5x\">Martinelli knuffade en liggande Conor Bradley som nyss hade landat snett och skadat sig allvarligt. Spelare fr\u00e5n b\u00e5da lagen hamnade i luven p\u00e5 varandra och Bradley blev sedan utburen p\u00e5 b\u00e5r.<\/p>\n<p class=\"hyperion-css-1v9qo5x\">Martinelli gick ut och bad om urs\u00e4kt p\u00e5 sina sociala medier efter\u00e5t, och skrev att han varit i kontakt med Bradley. <\/p>\n<p class=\"hyperion-css-1v9qo5x\">\u201dI stundens hetta f\u00f6rstod jag inte att han var allvarligt skadad\u201d, skriver Martinelli.<\/p>\n<p class=\"hyperion-css-1v9qo5x\">Han avslutar:<\/p>\n<p class=\"hyperion-css-1v9qo5x\">\u201dJag vill s\u00e4ga att jag \u00e4r riktigt ledsen f\u00f6r hur jag reagerade. Jag \u00f6nskar Conor en snabb \u00e5terh\u00e4mtning.\u201d<\/p>\n<p>expand-left<\/p>\n<p>helsk\u00e4rm<img decoding=\"async\" class=\"image-asset hyperion-css-u06ts1\" data-test-tag=\"image-asset\" src=\"https:\/\/www.europesays.com\/se\/wp-content\/uploads\/2026\/01\/b3900011-1f07-4f05-a740-5d15961ab750.jpeg\"  alt=\"\"  loading=\"eager\" fetchpriority=\"high\" style=\"aspect-ratio:1820 \/ 1213\"\/> Foto: Ian Walton \/ APTvingas opereras<\/p>\n<p class=\"hyperion-css-1v9qo5x\">Nu har domen kommit. <\/p>\n<p class=\"hyperion-css-1v9qo5x\">Conor Bradley har skadat kn\u00e4et allvarligt och kommer att vara borta resten av s\u00e4songen. 22-\u00e5ringen kommer att opereras, meddelar Liverpool. <\/p>\n<p class=\"hyperion-css-1v9qo5x\">Det finns \u00e4nnu ingen tidsram f\u00f6r n\u00e4r Bradley v\u00e4ntas vara tillbaka i spel. <\/p>\n","protected":false},"excerpt":{"rendered":"Uppdaterad 13.15 | Publicerad 13.09 share-arrowDela unsaveSpara Lyssna p\u00e5 artikelnLyssna p\u00e5&#8230; Conor Bradley landade snett \u2013 och blev&hellip;\n","protected":false},"author":2,"featured_media":132256,"comment_status":"","ping_status":"","sticky":false,"template":"","format":"standard","meta":{"footnotes":""},"categories":[5],"tags":[22,23,26,27,17,21,24,25,28,29,15,16,18,34,31,33,32,30,19,20],"class_list":{"0":"post-132255","1":"post","2":"type-post","3":"status-publish","4":"format-standard","5":"has-post-thumbnail","7":"category-rubriker","8":"tag-breaking-news","9":"tag-breakingnews","10":"tag-featured-news","11":"tag-featurednews","12":"tag-headlines","13":"tag-huvudnyheter","14":"tag-latest-news","15":"tag-latestnews","16":"tag-main-news","17":"tag-mainnews","18":"tag-news","19":"tag-nyheter","20":"tag-rubriker","21":"tag-se","22":"tag-svenska","23":"tag-sverige","24":"tag-sweden","25":"tag-swedish","26":"tag-top-stories","27":"tag-topstories"},"share_on_mastodon":{"url":"https:\/\/pubeurope.com\/@se\/115876504751843391","error":""},"_links":{"self":[{"href":"https:\/\/www.europesays.com\/se\/wp-json\/wp\/v2\/posts\/132255","targetHints":{"allow":["GET"]}}],"collection":[{"href":"https:\/\/www.europesays.com\/se\/wp-json\/wp\/v2\/posts"}],"about":[{"href":"https:\/\/www.europesays.com\/se\/wp-json\/wp\/v2\/types\/post"}],"author":[{"embeddable":true,"href":"https:\/\/www.europesays.com\/se\/wp-json\/wp\/v2\/users\/2"}],"replies":[{"embeddable":true,"href":"https:\/\/www.europesays.com\/se\/wp-json\/wp\/v2\/comments?post=132255"}],"version-history":[{"count":0,"href":"https:\/\/www.europesays.com\/se\/wp-json\/wp\/v2\/posts\/132255\/revisions"}],"wp:featuredmedia":[{"embeddable":true,"href":"https:\/\/www.europesays.com\/se\/wp-json\/wp\/v2\/media\/132256"}],"wp:attachment":[{"href":"https:\/\/www.europesays.com\/se\/wp-json\/wp\/v2\/media?parent=132255"}],"wp:term":[{"taxonomy":"category","embeddable":true,"href":"https:\/\/www.europesays.com\/se\/wp-json\/wp\/v2\/categories?post=132255"},{"taxonomy":"post_tag","embeddable":true,"href":"https:\/\/www.europesays.com\/se\/wp-json\/wp\/v2\/tags?post=132255"}],"curies":[{"name":"wp","href":"https:\/\/api.w.org\/{rel}","templated":true}]}}