{"id":132257,"date":"2026-01-11T12:39:10","date_gmt":"2026-01-11T12:39:10","guid":{"rendered":"https:\/\/www.europesays.com\/se\/132257\/"},"modified":"2026-01-11T12:39:10","modified_gmt":"2026-01-11T12:39:10","slug":"darfor-tog-ullmark-en-paus-fran-hockeyn","status":"publish","type":"post","link":"https:\/\/www.europesays.com\/se\/132257\/","title":{"rendered":"D\u00e4rf\u00f6r tog Ullmark en paus fr\u00e5n hockeyn"},"content":{"rendered":"<p>Linus Ullmark, 32, har tagit en paus fr\u00e5n hockeyn och nu har lagkamraten Tim St\u00fctzle ber\u00e4ttat om varf\u00f6r. <\/p>\n<p class=\"\">Ottawa Senators meddelade i slutet av december att Ullmark kliver \u00e5t sidan, men utan att ge n\u00e5gon n\u00e4rmare f\u00f6rklaring. N\u00e4r f\u00f6rbundskapten Sam Hallam senare presenterade Sveriges OS-trupp fanns Ullmarks namn inte med. I st\u00e4llet gick m\u00e5lvaktsplatsen till Minnesota Wilds genombrottsman Jesper Wallstedt.<\/p>\n<p class=\"\">Ullmark, som fick sin hockeyfostran i MoDo och tog sina f\u00f6rsta steg p\u00e5 seniorniv\u00e5 d\u00e4r, har varit en given del av Tre Kronors landslagsdiskussion de senaste \u00e5ren. F\u00f6rra s\u00e4songen spelade han \u00e4ven 4 Nations med landslaget.<\/p>\n<p class=\"\">Nu kommer en uppdatering fr\u00e5n lagkamraten Tim St\u00fctzle. F\u00f6r drygt tv\u00e5 veckor efter beskedet bekr\u00e4ftar Ottawa-spelaren att pausen \u00e4r kopplad till psykisk h\u00e4lsa.<\/p>\n<p class=\"\">\u2013 Det \u00e4r relaterat till psykisk h\u00e4lsa. Alla vet det nu, och jag har skickat ett meddelande om att vi alla st\u00f6ttar honom i det han g\u00e5r igenom just nu, s\u00e4ger St\u00fctzle enligt sportjournalisten Claire Hanna.<\/p>\n<p class=\"\">Ullmarks framtid p\u00e5 isen \u00e4r fortsatt oviss, men st\u00f6det fr\u00e5n omgivningen \u00e4r tydligt.<\/p>\n","protected":false},"excerpt":{"rendered":"Linus Ullmark, 32, har tagit en paus fr\u00e5n hockeyn och nu har lagkamraten Tim St\u00fctzle ber\u00e4ttat om varf\u00f6r.&hellip;\n","protected":false},"author":2,"featured_media":132258,"comment_status":"","ping_status":"","sticky":false,"template":"","format":"standard","meta":{"footnotes":""},"categories":[68],"tags":[34,111,110,31,33,32,30],"class_list":{"0":"post-132257","1":"post","2":"type-post","3":"status-publish","4":"format-standard","5":"has-post-thumbnail","7":"category-sport","8":"tag-se","9":"tag-sport","10":"tag-sports","11":"tag-svenska","12":"tag-sverige","13":"tag-sweden","14":"tag-swedish"},"share_on_mastodon":{"url":"https:\/\/pubeurope.com\/@se\/115876512744750057","error":""},"_links":{"self":[{"href":"https:\/\/www.europesays.com\/se\/wp-json\/wp\/v2\/posts\/132257","targetHints":{"allow":["GET"]}}],"collection":[{"href":"https:\/\/www.europesays.com\/se\/wp-json\/wp\/v2\/posts"}],"about":[{"href":"https:\/\/www.europesays.com\/se\/wp-json\/wp\/v2\/types\/post"}],"author":[{"embeddable":true,"href":"https:\/\/www.europesays.com\/se\/wp-json\/wp\/v2\/users\/2"}],"replies":[{"embeddable":true,"href":"https:\/\/www.europesays.com\/se\/wp-json\/wp\/v2\/comments?post=132257"}],"version-history":[{"count":0,"href":"https:\/\/www.europesays.com\/se\/wp-json\/wp\/v2\/posts\/132257\/revisions"}],"wp:featuredmedia":[{"embeddable":true,"href":"https:\/\/www.europesays.com\/se\/wp-json\/wp\/v2\/media\/132258"}],"wp:attachment":[{"href":"https:\/\/www.europesays.com\/se\/wp-json\/wp\/v2\/media?parent=132257"}],"wp:term":[{"taxonomy":"category","embeddable":true,"href":"https:\/\/www.europesays.com\/se\/wp-json\/wp\/v2\/categories?post=132257"},{"taxonomy":"post_tag","embeddable":true,"href":"https:\/\/www.europesays.com\/se\/wp-json\/wp\/v2\/tags?post=132257"}],"curies":[{"name":"wp","href":"https:\/\/api.w.org\/{rel}","templated":true}]}}