{"id":132302,"date":"2026-01-11T13:27:09","date_gmt":"2026-01-11T13:27:09","guid":{"rendered":"https:\/\/www.europesays.com\/se\/132302\/"},"modified":"2026-01-11T13:27:09","modified_gmt":"2026-01-11T13:27:09","slug":"felsida-region-gotland-2","status":"publish","type":"post","link":"https:\/\/www.europesays.com\/se\/132302\/","title":{"rendered":"Felsida | Region Gotland"},"content":{"rendered":"<p class=\"date message-1kxu6o4\">Publicerad 2026-01-10 18.15<\/p>\n<p class=\"description message-1kxu6o4\">R\u00e4ddningstj\u00e4nsten r\u00e5der allm\u00e4nheten att undvika att ge sig ut i trafiken. SMHI har utf\u00e4rdat en gul v\u00e4dervarning f\u00f6r Gotland f\u00f6r helgen den 10-11 januari. Varningen g\u00e4ller vindar och kraftiga sn\u00f6byar med lokalt stora sn\u00f6m\u00e4ngder.  R\u00e4ddningstj\u00e4nsten har meddelat att det redan under l\u00f6rdag eftermiddag \u00e4r mycket sv\u00e5rt att ta sig fram i trafiken i vissa omr\u00e5den p\u00e5 Gotland. Detta g\u00f6r att bl\u00e5ljusverksamheten kan ta l\u00e4ngre tid vid utryckning. Detta avser r\u00e4ddningstj\u00e4nst, ambulans och polis. R\u00e4ddningstj\u00e4nsten r\u00e5der allm\u00e4nheten att undika att ge sig ut i trafiken.  Brov\u00e4g i Visby tillf\u00e4lligt avst\u00e4ngd mellan Visbyleden och Skarph\u00e4llsgatan    Hemtj\u00e4nsten i Visby p\u00e5verkas av v\u00e4dret    F\u00e5r\u00f6sund och Klintehamn \u00c5VC st\u00e4ngt p\u00e5 grund av v\u00e4dret    Observera att v\u00e4dervarningar kan \u00e4ndras med kort varsel. H\u00e5ll dig d\u00e4rf\u00f6r uppdaterad om v\u00e4derl\u00e4get och trafikf\u00f6rh\u00e5llanden i en varningssituation p\u00e5  SMHIs webbplats.   I SMHI:s v\u00e4derapp f\u00e5r du notiser n\u00e4r varningar och meddelanden utf\u00e4rdas och uppdateras.<\/p>\n<p>      <a class=\"readMore message-1kxu6o4\" href=\"https:\/\/gotland.se\/arkiv\/infomeddelande\/2026-01-10-gul-varning-kraftiga-snobyar-med-lokalt-stora-snomangder\" rel=\"nofollow noopener\" target=\"_blank\">L\u00e4s mer<\/a><\/p>\n","protected":false},"excerpt":{"rendered":"Publicerad 2026-01-10 18.15 R\u00e4ddningstj\u00e4nsten r\u00e5der allm\u00e4nheten att undvika att ge sig ut i trafiken. SMHI har utf\u00e4rdat en&hellip;\n","protected":false},"author":2,"featured_media":3804,"comment_status":"","ping_status":"","sticky":false,"template":"","format":"standard","meta":{"footnotes":""},"categories":[5],"tags":[22,23,26,27,17,21,24,25,28,29,15,16,18,34,31,33,32,30,19,20],"class_list":{"0":"post-132302","1":"post","2":"type-post","3":"status-publish","4":"format-standard","5":"has-post-thumbnail","7":"category-rubriker","8":"tag-breaking-news","9":"tag-breakingnews","10":"tag-featured-news","11":"tag-featurednews","12":"tag-headlines","13":"tag-huvudnyheter","14":"tag-latest-news","15":"tag-latestnews","16":"tag-main-news","17":"tag-mainnews","18":"tag-news","19":"tag-nyheter","20":"tag-rubriker","21":"tag-se","22":"tag-svenska","23":"tag-sverige","24":"tag-sweden","25":"tag-swedish","26":"tag-top-stories","27":"tag-topstories"},"share_on_mastodon":{"url":"https:\/\/pubeurope.com\/@se\/115876701286372182","error":""},"_links":{"self":[{"href":"https:\/\/www.europesays.com\/se\/wp-json\/wp\/v2\/posts\/132302","targetHints":{"allow":["GET"]}}],"collection":[{"href":"https:\/\/www.europesays.com\/se\/wp-json\/wp\/v2\/posts"}],"about":[{"href":"https:\/\/www.europesays.com\/se\/wp-json\/wp\/v2\/types\/post"}],"author":[{"embeddable":true,"href":"https:\/\/www.europesays.com\/se\/wp-json\/wp\/v2\/users\/2"}],"replies":[{"embeddable":true,"href":"https:\/\/www.europesays.com\/se\/wp-json\/wp\/v2\/comments?post=132302"}],"version-history":[{"count":0,"href":"https:\/\/www.europesays.com\/se\/wp-json\/wp\/v2\/posts\/132302\/revisions"}],"wp:featuredmedia":[{"embeddable":true,"href":"https:\/\/www.europesays.com\/se\/wp-json\/wp\/v2\/media\/3804"}],"wp:attachment":[{"href":"https:\/\/www.europesays.com\/se\/wp-json\/wp\/v2\/media?parent=132302"}],"wp:term":[{"taxonomy":"category","embeddable":true,"href":"https:\/\/www.europesays.com\/se\/wp-json\/wp\/v2\/categories?post=132302"},{"taxonomy":"post_tag","embeddable":true,"href":"https:\/\/www.europesays.com\/se\/wp-json\/wp\/v2\/tags?post=132302"}],"curies":[{"name":"wp","href":"https:\/\/api.w.org\/{rel}","templated":true}]}}