{"id":132308,"date":"2026-01-11T13:35:09","date_gmt":"2026-01-11T13:35:09","guid":{"rendered":"https:\/\/www.europesays.com\/se\/132308\/"},"modified":"2026-01-11T13:35:09","modified_gmt":"2026-01-11T13:35:09","slug":"smhi-utfardar-gul-varning-for-kyla-risk-for-forfrysning","status":"publish","type":"post","link":"https:\/\/www.europesays.com\/se\/132308\/","title":{"rendered":"SMHI utf\u00e4rdar gul varning f\u00f6r kyla \u2013 risk f\u00f6r f\u00f6rfrysning"},"content":{"rendered":"<p>Vinden tilltar till frisk p\u00e5 kalfj\u00e4llet och samtidigt \u00e4r det riktigt kallt. Det medf\u00f6r stark kyleffekt med stor risk f\u00f6r f\u00f6rfrysning och nedkylning.<\/p>\n<p>SMHI skriver att risken f\u00f6r f\u00f6rfrysning \u00e4r stor, och uppmanar personer som vistas ute i omr\u00e5det att ta skydd fr\u00e5n vinden och var uppm\u00e4rksam p\u00e5 kroppens varningssignaler.<\/p>\n<p>Varningen g\u00e4ller fram klockan 23 p\u00e5 m\u00e5ndagskv\u00e4llen.<\/p>\n<p>Flera varning utf\u00e4rdade<\/p>\n<p>I de nordliga delarna, Bottenviken och Norra- och S\u00f6dra Bottenhavet r\u00f6r det r\u00f6r det sig om m\u00e5ttlig nedisning till havs. <\/p>\n<p>Fr\u00e5n \u00c5lands hav och ner till S\u00f6dra \u00d6stersj\u00f6n varnas det f\u00f6r kuling med vindstyrkor p\u00e5 mellan 14 till 17 m\/s. Vindstyrkorna v\u00e4ntas avta under s\u00f6ndagen. <\/p>\n<p>P\u00e5 Gotland kan tidvis kraftiga sn\u00f6byar i kombination med frisk nordlig vind ge problem i trafiken.<\/p>\n","protected":false},"excerpt":{"rendered":"Vinden tilltar till frisk p\u00e5 kalfj\u00e4llet och samtidigt \u00e4r det riktigt kallt. Det medf\u00f6r stark kyleffekt med stor&hellip;\n","protected":false},"author":2,"featured_media":793,"comment_status":"","ping_status":"","sticky":false,"template":"","format":"standard","meta":{"footnotes":""},"categories":[5],"tags":[22,23,26,27,17,21,24,25,28,29,15,16,18,34,31,33,32,30,19,20],"class_list":{"0":"post-132308","1":"post","2":"type-post","3":"status-publish","4":"format-standard","5":"has-post-thumbnail","7":"category-rubriker","8":"tag-breaking-news","9":"tag-breakingnews","10":"tag-featured-news","11":"tag-featurednews","12":"tag-headlines","13":"tag-huvudnyheter","14":"tag-latest-news","15":"tag-latestnews","16":"tag-main-news","17":"tag-mainnews","18":"tag-news","19":"tag-nyheter","20":"tag-rubriker","21":"tag-se","22":"tag-svenska","23":"tag-sverige","24":"tag-sweden","25":"tag-swedish","26":"tag-top-stories","27":"tag-topstories"},"share_on_mastodon":{"url":"https:\/\/pubeurope.com\/@se\/115876732778176484","error":""},"_links":{"self":[{"href":"https:\/\/www.europesays.com\/se\/wp-json\/wp\/v2\/posts\/132308","targetHints":{"allow":["GET"]}}],"collection":[{"href":"https:\/\/www.europesays.com\/se\/wp-json\/wp\/v2\/posts"}],"about":[{"href":"https:\/\/www.europesays.com\/se\/wp-json\/wp\/v2\/types\/post"}],"author":[{"embeddable":true,"href":"https:\/\/www.europesays.com\/se\/wp-json\/wp\/v2\/users\/2"}],"replies":[{"embeddable":true,"href":"https:\/\/www.europesays.com\/se\/wp-json\/wp\/v2\/comments?post=132308"}],"version-history":[{"count":0,"href":"https:\/\/www.europesays.com\/se\/wp-json\/wp\/v2\/posts\/132308\/revisions"}],"wp:featuredmedia":[{"embeddable":true,"href":"https:\/\/www.europesays.com\/se\/wp-json\/wp\/v2\/media\/793"}],"wp:attachment":[{"href":"https:\/\/www.europesays.com\/se\/wp-json\/wp\/v2\/media?parent=132308"}],"wp:term":[{"taxonomy":"category","embeddable":true,"href":"https:\/\/www.europesays.com\/se\/wp-json\/wp\/v2\/categories?post=132308"},{"taxonomy":"post_tag","embeddable":true,"href":"https:\/\/www.europesays.com\/se\/wp-json\/wp\/v2\/tags?post=132308"}],"curies":[{"name":"wp","href":"https:\/\/api.w.org\/{rel}","templated":true}]}}