{"id":132314,"date":"2026-01-11T13:43:39","date_gmt":"2026-01-11T13:43:39","guid":{"rendered":"https:\/\/www.europesays.com\/se\/132314\/"},"modified":"2026-01-11T13:43:39","modified_gmt":"2026-01-11T13:43:39","slug":"baragare-gripen-efter-branden-i-schweiz","status":"publish","type":"post","link":"https:\/\/www.europesays.com\/se\/132314\/","title":{"rendered":"Bar\u00e4gare gripen efter branden i Schweiz"},"content":{"rendered":"<p class=\"sc-c25743f0-0 sc-e37c0145-2 hObFds DQgPn\">En av \u00e4garna till baren i Crans-Montana d\u00e4r 40 personer dog i en brand p\u00e5 ny\u00e5rsafton har frihetsber\u00f6vats, rapporterar<a href=\"https:\/\/news.sky.com\/story\/swiss-fire-latest-owner-of-bar-where-40-people-died-in-new-years-eve-fire-arrested-13492387\" class=\"pcc\" target=\"_blank\" rel=\"noopener noreferrer nofollow\"> Sky News. <\/a><\/p>\n<p class=\"sc-c25743f0-0 sc-e37c0145-2 hObFds DQgPn\">Enligt den schweiziska tidningen 24 Heures ska gripandet ha gjorts d\u00e5 man bed\u00f6mt att det fanns risk f\u00f6r att \u00e4garen skulle f\u00f6rs\u00f6ka fly undan myndigheterna. <\/p>\n<p class=\"sc-c25743f0-0 sc-e37c0145-2 hObFds DQgPn\">\u00c4garna p\u00e5 baren har varit under utredning efter branden, misst\u00e4nkta <a href=\"https:\/\/www.tv4.se\/artikel\/7vE9FD7Bx6ki6pxrF87Boi\/baraegarna-i-schweiz-misstaenks-foer-brott-efter-doedsbranden\" class=\"pcc\" target=\"_top\" rel=\"nofollow noopener\">f\u00f6r v\u00e5llande till annans d\u00f6d, allm\u00e4nfarlig v\u00e5rdsl\u00f6shet och v\u00e5llande till kroppsskada. <\/a><\/p>\n<p class=\"sc-c25743f0-0 sc-e37c0145-2 hObFds DQgPn\">\u00d6ver 100 personer skadades i branden som tros ha startat i samband med att man t\u00e4nde isfacklor nedstuckna i champagneflaskor, som sedan t\u00e4nde eld p\u00e5 taket. <\/p>\n<p class=\"sc-c25743f0-0 sc-e37c0145-2 hObFds DQgPn\">\u00c4garna har sj\u00e4lva uppgett att man f\u00f6ljt alla s\u00e4kerhetsf\u00f6reskrifter f\u00f6r brands\u00e4kerhet, och att baren inspekterats flera g\u00e5nger. <\/p>\n","protected":false},"excerpt":{"rendered":"En av \u00e4garna till baren i Crans-Montana d\u00e4r 40 personer dog i en brand p\u00e5 ny\u00e5rsafton har frihetsber\u00f6vats,&hellip;\n","protected":false},"author":2,"featured_media":77179,"comment_status":"","ping_status":"","sticky":false,"template":"","format":"standard","meta":{"footnotes":""},"categories":[5],"tags":[22,23,26,27,17,21,24,25,28,29,15,16,18,34,31,33,32,30,19,20],"class_list":{"0":"post-132314","1":"post","2":"type-post","3":"status-publish","4":"format-standard","5":"has-post-thumbnail","7":"category-rubriker","8":"tag-breaking-news","9":"tag-breakingnews","10":"tag-featured-news","11":"tag-featurednews","12":"tag-headlines","13":"tag-huvudnyheter","14":"tag-latest-news","15":"tag-latestnews","16":"tag-main-news","17":"tag-mainnews","18":"tag-news","19":"tag-nyheter","20":"tag-rubriker","21":"tag-se","22":"tag-svenska","23":"tag-sverige","24":"tag-sweden","25":"tag-swedish","26":"tag-top-stories","27":"tag-topstories"},"share_on_mastodon":{"url":"https:\/\/pubeurope.com\/@se\/115876764228336040","error":""},"_links":{"self":[{"href":"https:\/\/www.europesays.com\/se\/wp-json\/wp\/v2\/posts\/132314","targetHints":{"allow":["GET"]}}],"collection":[{"href":"https:\/\/www.europesays.com\/se\/wp-json\/wp\/v2\/posts"}],"about":[{"href":"https:\/\/www.europesays.com\/se\/wp-json\/wp\/v2\/types\/post"}],"author":[{"embeddable":true,"href":"https:\/\/www.europesays.com\/se\/wp-json\/wp\/v2\/users\/2"}],"replies":[{"embeddable":true,"href":"https:\/\/www.europesays.com\/se\/wp-json\/wp\/v2\/comments?post=132314"}],"version-history":[{"count":0,"href":"https:\/\/www.europesays.com\/se\/wp-json\/wp\/v2\/posts\/132314\/revisions"}],"wp:featuredmedia":[{"embeddable":true,"href":"https:\/\/www.europesays.com\/se\/wp-json\/wp\/v2\/media\/77179"}],"wp:attachment":[{"href":"https:\/\/www.europesays.com\/se\/wp-json\/wp\/v2\/media?parent=132314"}],"wp:term":[{"taxonomy":"category","embeddable":true,"href":"https:\/\/www.europesays.com\/se\/wp-json\/wp\/v2\/categories?post=132314"},{"taxonomy":"post_tag","embeddable":true,"href":"https:\/\/www.europesays.com\/se\/wp-json\/wp\/v2\/tags?post=132314"}],"curies":[{"name":"wp","href":"https:\/\/api.w.org\/{rel}","templated":true}]}}