{"id":132317,"date":"2026-01-11T13:55:17","date_gmt":"2026-01-11T13:55:17","guid":{"rendered":"https:\/\/www.europesays.com\/se\/132317\/"},"modified":"2026-01-11T13:55:17","modified_gmt":"2026-01-11T13:55:17","slug":"unga-svenskar-tycker-ukraina-ska-byta-mark-mot-fred","status":"publish","type":"post","link":"https:\/\/www.europesays.com\/se\/132317\/","title":{"rendered":"Unga svenskar tycker Ukraina ska byta mark mot fred"},"content":{"rendered":"<p>25 procent av svenskarna tycker att Ukraina b\u00f6r g\u00e5 med p\u00e5 att ge upp territorium om det inneb\u00e4r en fred med Ryssland. Det visar en opinionsm\u00e4tning som Indikator har gjort f\u00f6r Ekot.<\/p>\n<p>Enligt Indikators opinionschef Per Oleskog Tryggvason \u00e4r det inte politisk tillh\u00f6righet som tydligast p\u00e5verkar var man st\u00e5r i fr\u00e5gan. I st\u00e4llet har det med \u00e5lder att g\u00f6ra, d\u00e4r \u201dunga hellre vill ha fred\u201d \u2013 \u00e4ven om det sker p\u00e5 bekostnad av territorium.<\/p>\n<p>\u2013 Tyv\u00e4rr, om det \u00e4r ett pris, s\u00e5 kanske det \u00e4r vettigt f\u00f6r folket som bor d\u00e4r, s\u00e4ger Gabriel, vilket skiljer sig fr\u00e5n \u00e4ldre Gunillas svar att \u201ddet k\u00e4nns som ett nederlag\u201d.<\/p>\n<p>Omni \u00e4r politiskt obundna och oberoende. Vi str\u00e4var efter att ge fler perspektiv p\u00e5 nyheterna. Har du fr\u00e5gor eller synpunkter kring v\u00e5r rapportering? <a href=\"https:\/\/omni.se\/unga-svenskar-tycker-ukraina-ska-byta-mark-mot-fred\/a\/mailto:redaktion@omni.se\" class=\"ArticleActions_contactLink__W2F1M\" rel=\"nofollow noopener\" target=\"_blank\">Kontakta redaktionen<\/a><\/p>\n","protected":false},"excerpt":{"rendered":"25 procent av svenskarna tycker att Ukraina b\u00f6r g\u00e5 med p\u00e5 att ge upp territorium om det inneb\u00e4r&hellip;\n","protected":false},"author":2,"featured_media":132318,"comment_status":"","ping_status":"","sticky":false,"template":"","format":"standard","meta":{"footnotes":""},"categories":[5],"tags":[22,23,267,26,27,17,21,24,25,28,29,15,16,369,18,269,264,34,31,33,32,30,19,20,263],"class_list":{"0":"post-132317","1":"post","2":"type-post","3":"status-publish","4":"format-standard","5":"has-post-thumbnail","7":"category-rubriker","8":"tag-breaking-news","9":"tag-breakingnews","10":"tag-europa","11":"tag-featured-news","12":"tag-featurednews","13":"tag-headlines","14":"tag-huvudnyheter","15":"tag-latest-news","16":"tag-latestnews","17":"tag-main-news","18":"tag-mainnews","19":"tag-news","20":"tag-nyheter","21":"tag-politik","22":"tag-rubriker","23":"tag-ryska-invasionen","24":"tag-ryssland","25":"tag-se","26":"tag-svenska","27":"tag-sverige","28":"tag-sweden","29":"tag-swedish","30":"tag-top-stories","31":"tag-topstories","32":"tag-ukraina"},"share_on_mastodon":{"url":"https:\/\/pubeurope.com\/@se\/115876811451321401","error":""},"_links":{"self":[{"href":"https:\/\/www.europesays.com\/se\/wp-json\/wp\/v2\/posts\/132317","targetHints":{"allow":["GET"]}}],"collection":[{"href":"https:\/\/www.europesays.com\/se\/wp-json\/wp\/v2\/posts"}],"about":[{"href":"https:\/\/www.europesays.com\/se\/wp-json\/wp\/v2\/types\/post"}],"author":[{"embeddable":true,"href":"https:\/\/www.europesays.com\/se\/wp-json\/wp\/v2\/users\/2"}],"replies":[{"embeddable":true,"href":"https:\/\/www.europesays.com\/se\/wp-json\/wp\/v2\/comments?post=132317"}],"version-history":[{"count":0,"href":"https:\/\/www.europesays.com\/se\/wp-json\/wp\/v2\/posts\/132317\/revisions"}],"wp:featuredmedia":[{"embeddable":true,"href":"https:\/\/www.europesays.com\/se\/wp-json\/wp\/v2\/media\/132318"}],"wp:attachment":[{"href":"https:\/\/www.europesays.com\/se\/wp-json\/wp\/v2\/media?parent=132317"}],"wp:term":[{"taxonomy":"category","embeddable":true,"href":"https:\/\/www.europesays.com\/se\/wp-json\/wp\/v2\/categories?post=132317"},{"taxonomy":"post_tag","embeddable":true,"href":"https:\/\/www.europesays.com\/se\/wp-json\/wp\/v2\/tags?post=132317"}],"curies":[{"name":"wp","href":"https:\/\/api.w.org\/{rel}","templated":true}]}}