{"id":132321,"date":"2026-01-11T14:03:30","date_gmt":"2026-01-11T14:03:30","guid":{"rendered":"https:\/\/www.europesays.com\/se\/132321\/"},"modified":"2026-01-11T14:03:30","modified_gmt":"2026-01-11T14:03:30","slug":"snosmocka-och-vind-lamslog-vasternorrland-vasterbottens-kuriren","status":"publish","type":"post","link":"https:\/\/www.europesays.com\/se\/132321\/","title":{"rendered":"Sn\u00f6smocka och vind lamslog V\u00e4sternorrland &#8211; V\u00e4sterbottens-Kuriren"},"content":{"rendered":"<ol>\n<li><a href=\"https:\/\/news.google.com\/rss\/articles\/CBMiggFBVV95cUxNam5oRkw0R1hTLXA3T3hWMXR6SEFsOFVPVGVZOXp1dWxuXzk2bnBwZ0d4VWpnaVFzcExneHRkeWNKYlVWaV9GZkJTSG9pc0sycjg5SWFVWk91dlFXeUo3R2RWQjlraVZEand4ZXNaMDI2Ry1pSFNxekZpY0pBejZrQS13?oc=5\" target=\"_blank\" rel=\"nofollow noopener\">Sn\u00f6smocka och vind lamslog V\u00e4sternorrland<\/a>&nbsp;&nbsp;V\u00e4sterbottens-Kuriren<\/li>\n<li><a href=\"https:\/\/news.google.com\/rss\/articles\/CBMiuwFBVV95cUxPRlFCRXF5TURHMDJrck5Vam1JS05TVjFJMzYtZ0stT1psNUV5ODBJY0RJT3NfTER2MWJhRkxwVkFUenpxeXR1eDVMbnNfeVZ6VlF4UFA4d1hyenRXcDYzRm1fOUE4MmZKcFlCLXNtY0NRSnhHRDZQV3V3MC05SzdQbEpONFhXUFNKMGhrdml0UEFzSTRsejdVNjQyZXk3NmNJdVlfWV92aFpBRkdhS0FjYkVMcVNIVWVHc2NV?oc=5\" target=\"_blank\" rel=\"nofollow noopener\">D\u00e4rf\u00f6r rullar vissa busslinjer och andra inte<\/a>&nbsp;&nbsp;GP<\/li>\n<li><a href=\"https:\/\/news.google.com\/rss\/articles\/CBMikAFBVV95cUxOTTFBcmNZTl9IdXVRc2xsckM5eGExUkMzZjhhb3hUUDVLX2ZJN05yNC1IQzBzMllfRXlBemVfb0I5X2lXT2lwanNvSGxMbXJnRlpFUEVyU3BUMFNIdVNLRnB6NlFyS01vQnJhblM4SnBpeEFKTjhPOXhHbloxcHp2M3R5d1Jhbm5uYjJ2c25LV0M?oc=5\" target=\"_blank\" rel=\"nofollow noopener\">R\u00e4ddningstj\u00e4nsten i G\u00f6teborg varnar f\u00f6r istappar och sn\u00f6 p\u00e5 tak \u2013 V\u00e4der- och trafikl\u00e4get i landet<\/a>&nbsp;&nbsp;SVT Nyheter<\/li>\n<li><a href=\"https:\/\/news.google.com\/rss\/articles\/CBMiZ0FVX3lxTE9BRjNaTU9JcFV5WjlaZmt1VXoyUndxNGhmTDhTU3ppOGRMXzlRQW52VXNqc1RaSjRoSzNTdTNWZHFGR0dvVXNxeWxmOFd2S1NyQVN0djZWTm5BdmhMcWJmUmtDVG5YRkU?oc=5\" target=\"_blank\" rel=\"nofollow noopener\">Varning f\u00f6r mer sn\u00f6<\/a>&nbsp;&nbsp;8 Sidor<\/li>\n<li><a href=\"https:\/\/news.google.com\/rss\/articles\/CBMiuAFBVV95cUxOaTg0bDBoV2ZidGFENWM2UkJxWlo0enk3N1l4aU5aenFVOGdBWUQ4eFIzclpURTlKZ0ZWWjA2cG16WG1qdWpLMlVrNC0zTE1UeWY0MDg2ang1Ni0tNHVqaF9MMkw5T3lFMUVJR2hETFBZcUM4Ri10UEVvSTE4bWY1RTNoZEo4YVZUUVQybWxGbjRUYklNQV8wbTFyQ1J0MTNBYWs2MzF3TjVKdDNiYWNFREZNWXEyWkZR?oc=5\" target=\"_blank\" rel=\"nofollow noopener\">Iskyla, varningar \u2013 och \u00c4NNU mer sn\u00f6 v\u00e4ntas<\/a>&nbsp;&nbsp;TV4 Nyheterna<\/li>\n<\/ol>\n","protected":false},"excerpt":{"rendered":"Sn\u00f6smocka och vind lamslog V\u00e4sternorrland&nbsp;&nbsp;V\u00e4sterbottens-Kuriren D\u00e4rf\u00f6r rullar vissa busslinjer och andra inte&nbsp;&nbsp;GP R\u00e4ddningstj\u00e4nsten i G\u00f6teborg varnar f\u00f6r istappar&hellip;\n","protected":false},"author":2,"featured_media":132322,"comment_status":"","ping_status":"","sticky":false,"template":"","format":"standard","meta":{"footnotes":""},"categories":[5],"tags":[22,23,26,27,17,21,24,25,28,29,15,16,18,34,31,33,32,30,19,20],"class_list":{"0":"post-132321","1":"post","2":"type-post","3":"status-publish","4":"format-standard","5":"has-post-thumbnail","7":"category-rubriker","8":"tag-breaking-news","9":"tag-breakingnews","10":"tag-featured-news","11":"tag-featurednews","12":"tag-headlines","13":"tag-huvudnyheter","14":"tag-latest-news","15":"tag-latestnews","16":"tag-main-news","17":"tag-mainnews","18":"tag-news","19":"tag-nyheter","20":"tag-rubriker","21":"tag-se","22":"tag-svenska","23":"tag-sverige","24":"tag-sweden","25":"tag-swedish","26":"tag-top-stories","27":"tag-topstories"},"share_on_mastodon":{"url":"https:\/\/pubeurope.com\/@se\/115876842896629087","error":""},"_links":{"self":[{"href":"https:\/\/www.europesays.com\/se\/wp-json\/wp\/v2\/posts\/132321","targetHints":{"allow":["GET"]}}],"collection":[{"href":"https:\/\/www.europesays.com\/se\/wp-json\/wp\/v2\/posts"}],"about":[{"href":"https:\/\/www.europesays.com\/se\/wp-json\/wp\/v2\/types\/post"}],"author":[{"embeddable":true,"href":"https:\/\/www.europesays.com\/se\/wp-json\/wp\/v2\/users\/2"}],"replies":[{"embeddable":true,"href":"https:\/\/www.europesays.com\/se\/wp-json\/wp\/v2\/comments?post=132321"}],"version-history":[{"count":0,"href":"https:\/\/www.europesays.com\/se\/wp-json\/wp\/v2\/posts\/132321\/revisions"}],"wp:featuredmedia":[{"embeddable":true,"href":"https:\/\/www.europesays.com\/se\/wp-json\/wp\/v2\/media\/132322"}],"wp:attachment":[{"href":"https:\/\/www.europesays.com\/se\/wp-json\/wp\/v2\/media?parent=132321"}],"wp:term":[{"taxonomy":"category","embeddable":true,"href":"https:\/\/www.europesays.com\/se\/wp-json\/wp\/v2\/categories?post=132321"},{"taxonomy":"post_tag","embeddable":true,"href":"https:\/\/www.europesays.com\/se\/wp-json\/wp\/v2\/tags?post=132321"}],"curies":[{"name":"wp","href":"https:\/\/api.w.org\/{rel}","templated":true}]}}