{"id":132323,"date":"2026-01-11T14:05:09","date_gmt":"2026-01-11T14:05:09","guid":{"rendered":"https:\/\/www.europesays.com\/se\/132323\/"},"modified":"2026-01-11T14:05:09","modified_gmt":"2026-01-11T14:05:09","slug":"halfvarsson-sjua-i-falun-jag-maste-uti-varldscupen-langdskidor","status":"publish","type":"post","link":"https:\/\/www.europesays.com\/se\/132323\/","title":{"rendered":"Halfvarsson sjua i Falun: \u201dJag m\u00e5ste ut\ni v\u00e4rldscupen\u201d | L\u00e4ngdskidor"},"content":{"rendered":"<p>Publicerad 11 jan 2026 kl 10.30Uppdaterad kl 13.29<\/p>\n<p><img loading=\"lazy\"   alt=\"\"\/><\/p>\n<p>Eric Rosj\u00f6, trea i loppet, fr\u00f6s efter m\u00e5lg\u00e5ng.<\/p>\n<p>Foto: Expressen.<\/p>\n<p>\u00d6ppna bild i helsk\u00e4rm<img loading=\"lazy\"   alt=\"\"\/> <\/p>\n<p>Foto: DANIEL ERIKSSON \/ BILDBYR\u00c5N<\/p>\n<p>\u00d6ppna bild i helsk\u00e4rm<img loading=\"lazy\"   alt=\"\"\/> <\/p>\n<p>Foto: DANIEL ERIKSSON \/ BILDBYR\u00c5N<\/p>\n<p>\u00d6ppna bild i helsk\u00e4rm<\/p>\n<p><a href=\"https:\/\/www.expressen.se\/tagg\/person\/calle-halfvarsson\/\" class=\"\" rel=\"nofollow noopener\" target=\"_blank\">Calle Halfvarsson<\/a> ser helgens Smart Energy Cup i Falun som n\u00e5got av en \u00f6deshelg f\u00f6r att ha chans p\u00e5 OS.<\/p>\n<p>Det b\u00f6rjade bra \u2013 med en andraplats i tio kilometer klassiskt under fredagen.<\/p>\n<p>L\u00f6rdagen blev d\u00e4remot fiaskoartad. Halfvarsson \u00e5kte ut i kvartsfinal i sprinten.<\/p>\n<p>\u2013 Det \u00e4r inte alls bra. Jag k\u00e4nner mig bara seg, sa han d\u00e5.<\/p>\n<p>Och s\u00f6ndagens tio kilometer fristil bj\u00f6d inte heller riktigt p\u00e5 den utv\u00e4xling som 36-\u00e5ringen \u00f6nskat sig.<\/p>\n<p>Halfvarsson slutade p\u00e5 en sjundeplats \u2013 46,4 sekunder fr\u00e5n seger.<\/p>\n<p>\u201dInte tillr\u00e4ckligt bra\u201d<\/p>\n<p>I st\u00e4llet var det Jonas Eriksson som gick och vann efter en superrysare mot Leo Johansson. Bara \u00e5tta tiondelar skilde dem \u00e5t.<\/p>\n<p>\u2013 Jag k\u00e4nner direkt att Jonas \u00e5ker f\u00f6r fort, s\u00e4ger Calle Halfvarsson i Expressens s\u00e4ndning.<\/p>\n<p>\u2013 Han g\u00f6r ett topplopp allts\u00e5. Imponerande. Jag k\u00e4nner \u00e4nd\u00e5 att det \u00e4r lite positivt f\u00f6r mig, det var lite b\u00e4ttre \u00e4n sprinten i g\u00e5r. \u00c4ven fast det g\u00e5r tungt s\u00e5 k\u00e4mpar jag p\u00e5.<\/p>\n<p>Svensken medger att han m\u00e5ste ut p\u00e5 en st\u00f6rre scen f\u00f6r att \u00f6verhuvudtaget ha en chans p\u00e5 en OS-plats.<\/p>\n<p>\u2013 Jag har inte presterat tillr\u00e4ckligt bra i \u00e5r, jag ligger v\u00e4l knappt p\u00e5 gr\u00e4nsen. Jag m\u00e5ste ut i v\u00e4rldscupen och prestera d\u00e4r, s\u00e4ger han.<\/p>\n<p>Jonas Eriksson var n\u00f6jd efter segern, men tror att chansen till OS \u00e4r minimal.<\/p>\n<p>\u2013 Det ser inte j\u00e4tteljust ut. Jag hade beh\u00f6vt ha 10 kilometer fritt-lopp p\u00e5 v\u00e4rldscupen f\u00f6r att det skulle vara aktuellt, men s\u00e5 ser det inte ut, s\u00e4ger IFK Mora-\u00e5karen.<\/p>\n<p>Extremkylan i Falun: \u201dInte h\u00e4lsosamt\u201d<\/p>\n<p>Det var bitande kallt under herrloppet. N\u00e4r starten gick f\u00f6r de f\u00f6rsta \u00e5karna visade termometern p\u00e5 stadion -18 grader.<\/p>\n<p>Och efter loppet \u00e4r det flera \u00e5kare som ber\u00e4ttar om sviterna av kylan.<\/p>\n<p>\u201dFy fan, jag har f\u00f6rfrusit b\u00e5de mina t\u00e5r och k\u00f6nsorganet\u201d, s\u00e4ger till exempel en av de mer profilerade \u00e5karna i startf\u00e4ltet n\u00e4r han pustar ut i m\u00e5lf\u00e5llan.<\/p>\n<p>Fredrik Andersson var en annan som drabbades av k\u00f6ldchocken.<\/p>\n<p>\u2013 Det h\u00e4r \u00e4r inte h\u00e4lsosamt n\u00e5gonstans, s\u00e4ger pite\u00e5\u00e5karen som slutade p\u00e5 13:e plats.<\/p>\n<p>\u00c4ven trean Eric Rosj\u00f6 k\u00e4mpade i kylan.<\/p>\n<p>\u2013 Efter m\u00e5lg\u00e5ng var det problem i den kroppsdel man kanske inte ska n\u00e4mna h\u00e4r, s\u00e4ger Rosj\u00f6 i Expressens s\u00e4ndning.<\/p>\n","protected":false},"excerpt":{"rendered":"Publicerad 11 jan 2026 kl 10.30Uppdaterad kl 13.29 Eric Rosj\u00f6, trea i loppet, fr\u00f6s efter m\u00e5lg\u00e5ng. Foto: Expressen.&hellip;\n","protected":false},"author":2,"featured_media":132324,"comment_status":"","ping_status":"","sticky":false,"template":"","format":"standard","meta":{"footnotes":""},"categories":[68],"tags":[2229,34,857,111,110,31,33,32,30],"class_list":{"0":"post-132323","1":"post","2":"type-post","3":"status-publish","4":"format-standard","5":"has-post-thumbnail","7":"category-sport","8":"tag-person-calle-halfvarsson","9":"tag-se","10":"tag-sections-langdskidor","11":"tag-sport","12":"tag-sports","13":"tag-svenska","14":"tag-sverige","15":"tag-sweden","16":"tag-swedish"},"share_on_mastodon":{"url":"https:\/\/pubeurope.com\/@se\/115876850752590592","error":""},"_links":{"self":[{"href":"https:\/\/www.europesays.com\/se\/wp-json\/wp\/v2\/posts\/132323","targetHints":{"allow":["GET"]}}],"collection":[{"href":"https:\/\/www.europesays.com\/se\/wp-json\/wp\/v2\/posts"}],"about":[{"href":"https:\/\/www.europesays.com\/se\/wp-json\/wp\/v2\/types\/post"}],"author":[{"embeddable":true,"href":"https:\/\/www.europesays.com\/se\/wp-json\/wp\/v2\/users\/2"}],"replies":[{"embeddable":true,"href":"https:\/\/www.europesays.com\/se\/wp-json\/wp\/v2\/comments?post=132323"}],"version-history":[{"count":0,"href":"https:\/\/www.europesays.com\/se\/wp-json\/wp\/v2\/posts\/132323\/revisions"}],"wp:featuredmedia":[{"embeddable":true,"href":"https:\/\/www.europesays.com\/se\/wp-json\/wp\/v2\/media\/132324"}],"wp:attachment":[{"href":"https:\/\/www.europesays.com\/se\/wp-json\/wp\/v2\/media?parent=132323"}],"wp:term":[{"taxonomy":"category","embeddable":true,"href":"https:\/\/www.europesays.com\/se\/wp-json\/wp\/v2\/categories?post=132323"},{"taxonomy":"post_tag","embeddable":true,"href":"https:\/\/www.europesays.com\/se\/wp-json\/wp\/v2\/tags?post=132323"}],"curies":[{"name":"wp","href":"https:\/\/api.w.org\/{rel}","templated":true}]}}