{"id":132327,"date":"2026-01-11T14:09:07","date_gmt":"2026-01-11T14:09:07","guid":{"rendered":"https:\/\/www.europesays.com\/se\/132327\/"},"modified":"2026-01-11T14:09:07","modified_gmt":"2026-01-11T14:09:07","slug":"en-landningsbana-stangd-i-oslo-efter-dronarlarm","status":"publish","type":"post","link":"https:\/\/www.europesays.com\/se\/132327\/","title":{"rendered":"En landningsbana st\u00e4ngd i Oslo efter dr\u00f6narlarm"},"content":{"rendered":"<p><a href=\"https:\/\/www.nrk.no\/stor-oslo\/nyhetssenter-stor-oslo-1.17142050\" rel=\"nofollow noopener\" target=\"_blank\">Enligt nyhetskanalen<\/a> fick polisen i Norge in larm om en dr\u00f6nare n\u00e4ra Oslos flygplats vid klockan 14. Det var Oslos flygplats som uppt\u00e4ckte dr\u00f6naren, enligt <a href=\"https:\/\/www.tv2.no\/direkte\/jpybz\/siste-nytt\/6963a152cbf6dec08cfaced1\/avinor-rullebane-pa-gardermoen-apnet-igjen\" rel=\"nofollow noopener\" target=\"_blank\">TV2<\/a>. <\/p>\n<p> En landningsbana st\u00e4ngdes p\u00e5 grund av larmet men kunde \u00f6ppna igen efter cirka 30 minuter, enligt TV2. All flygtrafik omdirigerades fr\u00e5n den \u00f6stra till den v\u00e4stra landningsbanan under tiden.<\/p>\n<p>Det p\u00e5g\u00e5r en s\u00f6kning efter dr\u00f6narpiloten.<\/p>\n<p>Flera dr\u00f6narlarm under h\u00f6sten<\/p>\n<p><a href=\"https:\/\/www.svt.se\/nyheter\/lokalt\/skane\/dronare-i-danmark-och-norge-det-har-vet-vi\" rel=\"nofollow noopener\" target=\"_blank\">I september<\/a> fick flygplatsen Gardemoen utanf\u00f6r Oslo st\u00e4nga i flera timmar p\u00e5 grund av dr\u00f6narobservationer. Detsamma h\u00e4nde vid Kastrups flygplats. Flera dr\u00f6nare har sedan observerats av allm\u00e4nheten \u00f6ver flygplatser i Danmark.<\/p>\n<p>Polen <a href=\"https:\/\/www.svt.se\/nyheter\/utrikes\/dronare-skots-ner-polen-aberopar-natos-artikel-4\" rel=\"nofollow noopener\" target=\"_blank\">sk\u00f6t ner dr\u00f6nare<\/a> i september i samband med att Ryssland genomf\u00f6rde flyganfall mot Ukraina.<\/p>\n<p>H\u00e4ndelserna ledde till en intensifiering i diskussionerna om hur europeiska l\u00e4nder ska rusta upp f\u00f6rsvaret.<\/p>\n<p>Texten uppdateras.<\/p>\n","protected":false},"excerpt":{"rendered":"Enligt nyhetskanalen fick polisen i Norge in larm om en dr\u00f6nare n\u00e4ra Oslos flygplats vid klockan 14. Det&hellip;\n","protected":false},"author":2,"featured_media":793,"comment_status":"","ping_status":"","sticky":false,"template":"","format":"standard","meta":{"footnotes":""},"categories":[14],"tags":[22,23,26,27,17,21,24,25,28,29,15,16,18,34,31,33,32,30,19,20,51,52,53,54],"class_list":{"0":"post-132327","1":"post","2":"type-post","3":"status-publish","4":"format-standard","5":"has-post-thumbnail","7":"category-varlden","8":"tag-breaking-news","9":"tag-breakingnews","10":"tag-featured-news","11":"tag-featurednews","12":"tag-headlines","13":"tag-huvudnyheter","14":"tag-latest-news","15":"tag-latestnews","16":"tag-main-news","17":"tag-mainnews","18":"tag-news","19":"tag-nyheter","20":"tag-rubriker","21":"tag-se","22":"tag-svenska","23":"tag-sverige","24":"tag-sweden","25":"tag-swedish","26":"tag-top-stories","27":"tag-topstories","28":"tag-varlden","29":"tag-world","30":"tag-world-news","31":"tag-worldnews"},"share_on_mastodon":{"url":"https:\/\/pubeurope.com\/@se\/115876866458711435","error":""},"_links":{"self":[{"href":"https:\/\/www.europesays.com\/se\/wp-json\/wp\/v2\/posts\/132327","targetHints":{"allow":["GET"]}}],"collection":[{"href":"https:\/\/www.europesays.com\/se\/wp-json\/wp\/v2\/posts"}],"about":[{"href":"https:\/\/www.europesays.com\/se\/wp-json\/wp\/v2\/types\/post"}],"author":[{"embeddable":true,"href":"https:\/\/www.europesays.com\/se\/wp-json\/wp\/v2\/users\/2"}],"replies":[{"embeddable":true,"href":"https:\/\/www.europesays.com\/se\/wp-json\/wp\/v2\/comments?post=132327"}],"version-history":[{"count":0,"href":"https:\/\/www.europesays.com\/se\/wp-json\/wp\/v2\/posts\/132327\/revisions"}],"wp:featuredmedia":[{"embeddable":true,"href":"https:\/\/www.europesays.com\/se\/wp-json\/wp\/v2\/media\/793"}],"wp:attachment":[{"href":"https:\/\/www.europesays.com\/se\/wp-json\/wp\/v2\/media?parent=132327"}],"wp:term":[{"taxonomy":"category","embeddable":true,"href":"https:\/\/www.europesays.com\/se\/wp-json\/wp\/v2\/categories?post=132327"},{"taxonomy":"post_tag","embeddable":true,"href":"https:\/\/www.europesays.com\/se\/wp-json\/wp\/v2\/tags?post=132327"}],"curies":[{"name":"wp","href":"https:\/\/api.w.org\/{rel}","templated":true}]}}