{"id":132332,"date":"2026-01-11T14:17:17","date_gmt":"2026-01-11T14:17:17","guid":{"rendered":"https:\/\/www.europesays.com\/se\/132332\/"},"modified":"2026-01-11T14:17:17","modified_gmt":"2026-01-11T14:17:17","slug":"bildning-sker-inte-pa-kommando-mattias-svensson","status":"publish","type":"post","link":"https:\/\/www.europesays.com\/se\/132332\/","title":{"rendered":"Bildning sker inte p\u00e5 kommando | Mattias Svensson"},"content":{"rendered":"<p>Det h\u00e4r \u00e4r en text fr\u00e5n SvD Ledare. Ledarredaktionen \u00e4r partipolitiskt oavh\u00e4ngig med beteckningen obunden moderat.<\/p>\n<p>F\u00f6rfattaren \u00e4r f\u00f6rvisso en god v\u00e4n, men det hindrar inte att en av f\u00f6rra \u00e5rets mest behagliga bildningsresor var Johan Norbergs \u201dPeak human: What we can learn from the rise and fall of Golden ages\u201d (Atlantic Books), eller som den heter <a href=\"https:\/\/timbro.se\/forlag\/civilisationens-topp-lardomar-fran-guldaldrarnas-uppgang-och-fall\/\" target=\"_blank\" rel=\"noopener noreferrer nofollow\">p\u00e5 svenska<\/a> \u201dCivilisationens topp\u201d (Timbro).<\/p>\n","protected":false},"excerpt":{"rendered":"Det h\u00e4r \u00e4r en text fr\u00e5n SvD Ledare. Ledarredaktionen \u00e4r partipolitiskt oavh\u00e4ngig med beteckningen obunden moderat. F\u00f6rfattaren \u00e4r&hellip;\n","protected":false},"author":2,"featured_media":132333,"comment_status":"","ping_status":"","sticky":false,"template":"","format":"standard","meta":{"footnotes":""},"categories":[14],"tags":[22,23,26,27,17,21,24,25,28,29,15,16,18,34,31,33,32,30,19,20,51,52,53,54],"class_list":{"0":"post-132332","1":"post","2":"type-post","3":"status-publish","4":"format-standard","5":"has-post-thumbnail","7":"category-varlden","8":"tag-breaking-news","9":"tag-breakingnews","10":"tag-featured-news","11":"tag-featurednews","12":"tag-headlines","13":"tag-huvudnyheter","14":"tag-latest-news","15":"tag-latestnews","16":"tag-main-news","17":"tag-mainnews","18":"tag-news","19":"tag-nyheter","20":"tag-rubriker","21":"tag-se","22":"tag-svenska","23":"tag-sverige","24":"tag-sweden","25":"tag-swedish","26":"tag-top-stories","27":"tag-topstories","28":"tag-varlden","29":"tag-world","30":"tag-world-news","31":"tag-worldnews"},"share_on_mastodon":{"url":"https:\/\/pubeurope.com\/@se\/115876897981121076","error":""},"_links":{"self":[{"href":"https:\/\/www.europesays.com\/se\/wp-json\/wp\/v2\/posts\/132332","targetHints":{"allow":["GET"]}}],"collection":[{"href":"https:\/\/www.europesays.com\/se\/wp-json\/wp\/v2\/posts"}],"about":[{"href":"https:\/\/www.europesays.com\/se\/wp-json\/wp\/v2\/types\/post"}],"author":[{"embeddable":true,"href":"https:\/\/www.europesays.com\/se\/wp-json\/wp\/v2\/users\/2"}],"replies":[{"embeddable":true,"href":"https:\/\/www.europesays.com\/se\/wp-json\/wp\/v2\/comments?post=132332"}],"version-history":[{"count":0,"href":"https:\/\/www.europesays.com\/se\/wp-json\/wp\/v2\/posts\/132332\/revisions"}],"wp:featuredmedia":[{"embeddable":true,"href":"https:\/\/www.europesays.com\/se\/wp-json\/wp\/v2\/media\/132333"}],"wp:attachment":[{"href":"https:\/\/www.europesays.com\/se\/wp-json\/wp\/v2\/media?parent=132332"}],"wp:term":[{"taxonomy":"category","embeddable":true,"href":"https:\/\/www.europesays.com\/se\/wp-json\/wp\/v2\/categories?post=132332"},{"taxonomy":"post_tag","embeddable":true,"href":"https:\/\/www.europesays.com\/se\/wp-json\/wp\/v2\/tags?post=132332"}],"curies":[{"name":"wp","href":"https:\/\/api.w.org\/{rel}","templated":true}]}}