{"id":132342,"date":"2026-01-11T14:25:14","date_gmt":"2026-01-11T14:25:14","guid":{"rendered":"https:\/\/www.europesays.com\/se\/132342\/"},"modified":"2026-01-11T14:25:14","modified_gmt":"2026-01-11T14:25:14","slug":"timslanga-koer-vid-kanarieoarnas-flygplatser","status":"publish","type":"post","link":"https:\/\/www.europesays.com\/se\/132342\/","title":{"rendered":"Timsl\u00e5nga k\u00f6er vid Kanarie\u00f6arnas flygplatser"},"content":{"rendered":"<p>Publicerad 10 jan 2026 kl 22.09Uppdaterad 11 jan kl 02.09<\/p>\n<p>L\u00e5nga k\u00f6er och timsl\u00e5nga v\u00e4ntetider vid passkontroller p\u00e5 Kanarie\u00f6arnas flygplatser hotar \u00f6arnas rykte som turistm\u00e5l.<\/p>\n<p>Det varnar hotellbranschen \u2013 som nu kr\u00e4ver att myndigheterna agerar.<\/p>\n<p>Senaste nyhetsklippen fr\u00e5n Expressen.<img   alt=\"\"\/><\/p>\n<p>L\u00e5nga k\u00f6er har blivit vanligt vid passkontrollerna p\u00e5 Kanarie\u00f6arnas flygplatser.<\/p>\n<p>Foto: Cehat<\/p>\n<p>\u00d6ppna bild i helsk\u00e4rm<\/p>\n<p>Den spanska hotellbranschorganisationen Cehat uppger att problemen m\u00e4rks tydligast p\u00e5 flygplatserna med m\u00e5nga internationella ankomster, som Teneriffas s\u00f6dra flygplats och Lanzarote.\u00a0<\/p>\n<p>N\u00e4r m\u00e5nga resen\u00e4rer fr\u00e5n l\u00e4nder utanf\u00f6r EU, s\u00e4rskilt Storbritannien, anl\u00e4nder samtidigt uppst\u00e5r ofta kraftig tr\u00e4ngsel vid passkontrollerna.<\/p>\n<p>Enligt Cehat har v\u00e4ntetider p\u00e5 \u00f6ver tv\u00e5 timmar blivit vanligt under h\u00f6gs\u00e4songen, n\u00e5got som riskerar skapa frustration bland semesterfirare redan vid ankomsten och i f\u00f6rl\u00e4ngningen leda till att \u00f6arnas anseende skadas i en allt tuffare konkurens om resen\u00e4rer.<\/p>\n<p>\u201dInte acceptabelt\u201d<\/p>\n<p>\u2013 Efter flera timmars resa \u00e4r det inte acceptabelt att bes\u00f6kare m\u00f6ts av orimligt l\u00e5nga v\u00e4ntetider bara f\u00f6r att komma in p\u00e5 Kanarie\u00f6arna, s\u00e4ger ordf\u00f6randen Jorge Marichal i ett <a href=\"https:\/\/cehat.com\/notaprensa\/cehat-alerta-de-las-colas-en-los-controles-de-pasaportes-de-los-aeropuertos-espanoles-como-una-amenaza-para-la-imagen-turistica-de-espana\/\" rel=\"nofollow noopener\" target=\"_blank\">pressmeddelande<\/a>.<\/p>\n<p>S\u00e4rskilt utsatta, argumenterar man, \u00e4r barnfamiljer, \u00e4ldre och personer med nedsatt r\u00f6rlighet, f\u00f6r vilka l\u00e5nga k\u00f6er kan vara extra p\u00e5frestande.<\/p>\n<p>Cehat menar att situationen inte \u00e4r tillf\u00e4llig och pekar ut tv\u00e5 huvudorsaker: brist p\u00e5 polisresurser vid passkontrollerna och biometriska system som \u00e4nnu inte fungerar fullt ut, med l\u00e5ngsamma handl\u00e4ggningar.<\/p>\n<p>\u2013 Situationen kr\u00e4ver en omedelbar och samordnad insats, forts\u00e4tter Marichal och uppmanar myndigheterna att f\u00f6rst\u00e4rka bemanningen och \u00e5tg\u00e4rda de tekniska problemen.<\/p>\n","protected":false},"excerpt":{"rendered":"Publicerad 10 jan 2026 kl 22.09Uppdaterad 11 jan kl 02.09 L\u00e5nga k\u00f6er och timsl\u00e5nga v\u00e4ntetider vid passkontroller p\u00e5&hellip;\n","protected":false},"author":2,"featured_media":132343,"comment_status":"","ping_status":"","sticky":false,"template":"","format":"standard","meta":{"footnotes":""},"categories":[14],"tags":[22,23,26,27,17,21,24,25,501,498,28,29,15,16,18,34,55,31,33,32,30,19,856,20,51,52,53,54],"class_list":{"0":"post-132342","1":"post","2":"type-post","3":"status-publish","4":"format-standard","5":"has-post-thumbnail","7":"category-varlden","8":"tag-breaking-news","9":"tag-breakingnews","10":"tag-featured-news","11":"tag-featurednews","12":"tag-headlines","13":"tag-huvudnyheter","14":"tag-latest-news","15":"tag-latestnews","16":"tag-location-kanarieoarna","17":"tag-location-spanien","18":"tag-main-news","19":"tag-mainnews","20":"tag-news","21":"tag-nyheter","22":"tag-rubriker","23":"tag-se","24":"tag-sections-varlden","25":"tag-svenska","26":"tag-sverige","27":"tag-sweden","28":"tag-swedish","29":"tag-top-stories","30":"tag-topic-resa-turism","31":"tag-topstories","32":"tag-varlden","33":"tag-world","34":"tag-world-news","35":"tag-worldnews"},"share_on_mastodon":{"url":"https:\/\/pubeurope.com\/@se\/115876929370841539","error":""},"_links":{"self":[{"href":"https:\/\/www.europesays.com\/se\/wp-json\/wp\/v2\/posts\/132342","targetHints":{"allow":["GET"]}}],"collection":[{"href":"https:\/\/www.europesays.com\/se\/wp-json\/wp\/v2\/posts"}],"about":[{"href":"https:\/\/www.europesays.com\/se\/wp-json\/wp\/v2\/types\/post"}],"author":[{"embeddable":true,"href":"https:\/\/www.europesays.com\/se\/wp-json\/wp\/v2\/users\/2"}],"replies":[{"embeddable":true,"href":"https:\/\/www.europesays.com\/se\/wp-json\/wp\/v2\/comments?post=132342"}],"version-history":[{"count":0,"href":"https:\/\/www.europesays.com\/se\/wp-json\/wp\/v2\/posts\/132342\/revisions"}],"wp:featuredmedia":[{"embeddable":true,"href":"https:\/\/www.europesays.com\/se\/wp-json\/wp\/v2\/media\/132343"}],"wp:attachment":[{"href":"https:\/\/www.europesays.com\/se\/wp-json\/wp\/v2\/media?parent=132342"}],"wp:term":[{"taxonomy":"category","embeddable":true,"href":"https:\/\/www.europesays.com\/se\/wp-json\/wp\/v2\/categories?post=132342"},{"taxonomy":"post_tag","embeddable":true,"href":"https:\/\/www.europesays.com\/se\/wp-json\/wp\/v2\/tags?post=132342"}],"curies":[{"name":"wp","href":"https:\/\/api.w.org\/{rel}","templated":true}]}}