{"id":132348,"date":"2026-01-11T14:35:07","date_gmt":"2026-01-11T14:35:07","guid":{"rendered":"https:\/\/www.europesays.com\/se\/132348\/"},"modified":"2026-01-11T14:35:07","modified_gmt":"2026-01-11T14:35:07","slug":"bred-satsning-pa-territoriellt-luftvarn-vard-cirka-15-miljarder-kronor","status":"publish","type":"post","link":"https:\/\/www.europesays.com\/se\/132348\/","title":{"rendered":"Bred satsning p\u00e5 territoriellt luftv\u00e4rn v\u00e4rd cirka 15 miljarder kronor"},"content":{"rendered":"<p>&#13;<br \/>\nRegeringen har beslutat att F\u00f6rsvarsmakten ska bredda sin luftv\u00e4rnsf\u00f6rm\u00e5ga. F\u00f6rsvarsmakten ska producera, utbilda och utrusta ett antal f\u00f6rband inom ett framtida territoriellt luftv\u00e4rn som ska kunna skydda krigsf\u00f6rband, det milit\u00e4ra f\u00f6rsvarets mobiliseringsf\u00f6rm\u00e5ga, st\u00e4der och civil infrastruktur. Satsningen uppg\u00e5r till cirka 15 miljarder kronor. <\/p>\n<p>Erfarenheterna fr\u00e5n Ukraina visar p\u00e5 hur viktigt det \u00e4r med ett robust luftv\u00e4rnsf\u00f6rsvar. Regeringen har sedan tidigare satsat stort inom luftv\u00e4rnsomr\u00e5det och satsar nu ytterligare.<\/p>\n<p>\u2013 Sverige befinner sig i det allvarligaste s\u00e4kerhetspolitiska l\u00e4get i modern tid. Med denna breda satsning p\u00e5 territoriellt luftv\u00e4rn st\u00e4rker vi skyddet av hela samh\u00e4llet, fr\u00e5n v\u00e5ra milit\u00e4ra f\u00f6rband till st\u00e4der och kritisk infrastruktur. Det handlar om att v\u00e4rna m\u00e4nniskors liv, v\u00e5r frihet och v\u00e5r f\u00f6rm\u00e5ga att st\u00e5 emot angrepp i alla delar av landet, s\u00e4ger statsminister Ulf Kristersson.<\/p>\n<p>\u2013 Erfarenheterna fr\u00e5n kriget i Ukraina visar med all tydlighet hur avg\u00f6rande ett robust och uth\u00e5lligt luftv\u00e4rn \u00e4r. Genom att bygga upp territoriella luftv\u00e4rnsf\u00f6rband kompletterar vi det befintliga luftf\u00f6rsvaret och st\u00e4rker skyddet av mobilisering och krigsf\u00f6rband. Det h\u00f6jer tr\u00f6skeln mot angrepp, st\u00e4rker Sveriges f\u00f6rsvarsf\u00f6rm\u00e5ga och bidrar samtidigt till Natos samlade avskr\u00e4ckning och f\u00f6rsvar, s\u00e4ger f\u00f6rsvarsminister P\u00e5l Jonson.<\/p>\n<p>\u2013 Skyddet av civilbefolkningen och samh\u00e4llets funktionalitet \u00e4r en central del av totalf\u00f6rsvaret. Det territoriella luftv\u00e4rnet skapar b\u00e4ttre f\u00f6ruts\u00e4ttningar att skydda st\u00e4der, infrastruktur och samh\u00e4llsviktiga verksamheter mot hot fr\u00e5n luften. Tillsammans med kraftfulla \u00e5tg\u00e4rder f\u00f6r att \u00f6ka skyddet f\u00f6r civilbefolkningen och f\u00f6rst\u00e4rkningar av r\u00e4ddningstj\u00e4nsten under h\u00f6jd beredskap s\u00e5 st\u00e4rker vi samh\u00e4llets motst\u00e5ndskraft i kris och krig, s\u00e4ger minister f\u00f6r civilt f\u00f6rsvar Carl-Oskar Bohlin.<\/p>\n<p>Territoriellt luftv\u00e4rn<\/p>\n<p>Tidigare har luftv\u00e4rnets fr\u00e4msta uppgift varit att skydda de egna milit\u00e4ra f\u00f6rbanden och milit\u00e4r infrastruktur. Nu g\u00e5r regeringen vidare med att b\u00f6rja bygga ett territoriella luftv\u00e4rnsf\u00f6rm\u00e5gan som ska st\u00e4rka skyddet av krigsf\u00f6rband inklusive det milit\u00e4ra f\u00f6rsvarets mobilisering med m\u00f6jlighet till skydd av st\u00e4der och civil infrastruktur.<\/p>\n<p>Satsningen p\u00e5 territoriella luftv\u00e4rnsf\u00f6rband uppg\u00e5r till ett v\u00e4rde av cirka 15 miljarder kronor. Det territoriella luftv\u00e4rnet kommer i huvudsak:<\/p>\n<ul>\n<li>vara kortr\u00e4ckviddigt<\/li>\n<li>best\u00e5 av ett antal frist\u00e5ende f\u00f6rband i kompanistorlek<\/li>\n<li>best\u00e5 av enkla system som \u00e4r flexibla s\u00e5 att olika typer av vapen-, radar- och tekniska system kan kombineras t.ex. olika eldr\u00f6rssystem och olika radarsystem<\/li>\n<li>vara r\u00f6rliga eller knutna till avgr\u00e4nsade geografiska omr\u00e5den<\/li>\n<li>skapa m\u00f6jlighet till att skydda bland annat civila objekt som broar, j\u00e4rnv\u00e4gsknutar, kritisk infrastruktur som k\u00e4rn- och vattenkraftverk och st\u00e4der.<\/li>\n<\/ul>\n<p>En f\u00f6rsta sammanh\u00e5llande best\u00e4llning till industrin planeras under f\u00f6rsta kvartalet 2026. Ytterligare anskaffningar kommer d\u00e4refter att ske successivt.<\/p>\n<p>Tidigare satsningar<\/p>\n<p>Sedan tidigare s\u00e5 har regeringen fattat beslut om anskaffning av luftv\u00e4rn f\u00f6r n\u00e4rmare 40 miljarder kronor.<\/p>\n<p>Det handlar om:<\/p>\n<ul>\n<li>Nytt medel- och kortr\u00e4ckviddigt luftv\u00e4rn f\u00f6r brigader 22,5 mdkr<\/li>\n<li>Nytt buret kortr\u00e4ckviddigt luftv\u00e4rn 3,8 mdkr<\/li>\n<li>Luftv\u00e4rnsammunition (Patriot) 7,5 mdkr<\/li>\n<li>Antidr\u00f6narf\u00f6rm\u00e5ga (inkl. telekrig) 3,6 mdkr<\/li>\n<\/ul>\n<p>Till detta kommer de svenska Visbykorvetterna och de kommande fartygen i Lule\u00e5klassen att utrustas med luftv\u00e4rn. Stora satsningar har \u00e4ven gjorts avseende radarsystem som m\u00f6jligg\u00f6r tidigt uppt\u00e4ckande av hot fr\u00e5n luften.<\/p>\n<p>Sedan tidigare har regeringen ocks\u00e5 givit Myndigheten f\u00f6r civilt f\u00f6rsvar (MCF, tidigare MSB) och F\u00f6rsvarsmakten i uppdrag att l\u00e4mna en gemensam bed\u00f6mning av hur st\u00e4der och civil infrastruktur kan skyddas mot hot fr\u00e5n luften. Myndigheterna ska titta p\u00e5 nul\u00e4get hos det aktuella skyddet och vilket behov det finns av skydd mot hot fr\u00e5n luften.<\/p>\n<p>MCF och F\u00f6rsvarsmakten ska ge f\u00f6rslag p\u00e5 skydds\u00e5tg\u00e4rder med fokus p\u00e5 aktiva (bek\u00e4mpning av hot fr\u00e5n luften) och passiva\/defensiva \u00e5tg\u00e4rder (t.ex. skyddsrum, maskering och reparationsberedskap).<\/p>\n<p>Uppdraget ska redovisas den 16 februari 2026.<\/p>\n","protected":false},"excerpt":{"rendered":"&#13; Regeringen har beslutat att F\u00f6rsvarsmakten ska bredda sin luftv\u00e4rnsf\u00f6rm\u00e5ga. F\u00f6rsvarsmakten ska producera, utbilda och utrusta ett antal&hellip;\n","protected":false},"author":2,"featured_media":67452,"comment_status":"","ping_status":"","sticky":false,"template":"","format":"standard","meta":{"footnotes":""},"categories":[5],"tags":[22,23,26,27,17,21,24,25,28,29,15,16,18,34,31,33,32,30,19,20],"class_list":{"0":"post-132348","1":"post","2":"type-post","3":"status-publish","4":"format-standard","5":"has-post-thumbnail","7":"category-rubriker","8":"tag-breaking-news","9":"tag-breakingnews","10":"tag-featured-news","11":"tag-featurednews","12":"tag-headlines","13":"tag-huvudnyheter","14":"tag-latest-news","15":"tag-latestnews","16":"tag-main-news","17":"tag-mainnews","18":"tag-news","19":"tag-nyheter","20":"tag-rubriker","21":"tag-se","22":"tag-svenska","23":"tag-sverige","24":"tag-sweden","25":"tag-swedish","26":"tag-top-stories","27":"tag-topstories"},"share_on_mastodon":{"url":"https:\/\/pubeurope.com\/@se\/115876968690122823","error":""},"_links":{"self":[{"href":"https:\/\/www.europesays.com\/se\/wp-json\/wp\/v2\/posts\/132348","targetHints":{"allow":["GET"]}}],"collection":[{"href":"https:\/\/www.europesays.com\/se\/wp-json\/wp\/v2\/posts"}],"about":[{"href":"https:\/\/www.europesays.com\/se\/wp-json\/wp\/v2\/types\/post"}],"author":[{"embeddable":true,"href":"https:\/\/www.europesays.com\/se\/wp-json\/wp\/v2\/users\/2"}],"replies":[{"embeddable":true,"href":"https:\/\/www.europesays.com\/se\/wp-json\/wp\/v2\/comments?post=132348"}],"version-history":[{"count":0,"href":"https:\/\/www.europesays.com\/se\/wp-json\/wp\/v2\/posts\/132348\/revisions"}],"wp:featuredmedia":[{"embeddable":true,"href":"https:\/\/www.europesays.com\/se\/wp-json\/wp\/v2\/media\/67452"}],"wp:attachment":[{"href":"https:\/\/www.europesays.com\/se\/wp-json\/wp\/v2\/media?parent=132348"}],"wp:term":[{"taxonomy":"category","embeddable":true,"href":"https:\/\/www.europesays.com\/se\/wp-json\/wp\/v2\/categories?post=132348"},{"taxonomy":"post_tag","embeddable":true,"href":"https:\/\/www.europesays.com\/se\/wp-json\/wp\/v2\/tags?post=132348"}],"curies":[{"name":"wp","href":"https:\/\/api.w.org\/{rel}","templated":true}]}}