{"id":132353,"date":"2026-01-11T14:43:23","date_gmt":"2026-01-11T14:43:23","guid":{"rendered":"https:\/\/www.europesays.com\/se\/132353\/"},"modified":"2026-01-11T14:43:23","modified_gmt":"2026-01-11T14:43:23","slug":"ryska-saratov-oblast-i-konkurs-mycket-svara-ryska-forluster-georgien-prejar-oljetanker-i-ryska-skuggflottan-usa-jagar-sju-tankfartyg-i-karibien-cornucopia","status":"publish","type":"post","link":"https:\/\/www.europesays.com\/se\/132353\/","title":{"rendered":"\u2013 ryska Saratov Oblast i konkurs \u2013 mycket sv\u00e5ra ryska f\u00f6rluster \u2013 Georgien prejar oljetanker i ryska skuggflottan, USA jagar sju tankfartyg i Karibien \u2013 Cornucopia?"},"content":{"rendered":"<p>\t\t\t439<\/p>\n<p>Den ryska regionen Saratov Oblast har g\u00e5tt i konkurs p\u00e5 grund av havererande industriproduktion och ekonomi, och f\u00e5tt sina skulder eftersk\u00e4nkta av ryska staten. Ryssland tog mycket sv\u00e5ra bakre f\u00f6rluster och manskapsf\u00f6rluster under g\u00e5rdagen. Georgien prejade ett tankfartyg i ryska skuggflottan under sanktioner och b\u00f6tf\u00e4llde kaptenen, f\u00f6rmodligen uppmuntrade av USA:s h\u00e5rdare linje medan USA jagar ytterligare sju tankfartyg i skuggflottan i Karibien.<\/p>\n<p><img loading=\"lazy\" decoding=\"async\" width=\"1280\" height=\"960\" src=\"https:\/\/www.europesays.com\/se\/wp-content\/uploads\/2026\/01\/ukraina_charkiv_stadsskylt_jonas.jpg\" alt=\"\" class=\"wp-image-168845\"  \/><\/p>\n<p><a href=\"https:\/\/cornucopia.se\/2022\/08\/organisationer-och-projekt-for-att-stodja-ukraina\/\" rel=\"nofollow noopener\" target=\"_blank\"><strong>Organisationer och projekt att st\u00f6dja f\u00f6r att hj\u00e4lpa Ukraina hittar du h\u00e4r<\/strong><\/a>.\u00a0<strong>Ditt st\u00f6d g\u00f6r verklig skillnad, r\u00e4ddar liv, st\u00f6der Ukrainas f\u00f6rsvar och hj\u00e4lper att besegra den fascistiska fundamentalistiska diktaturen Ryssland.<\/strong><\/p>\n<p>Vi b\u00f6rjar v\u00e4l med lite ekonomiska nyheter i kategorin det g\u00e5r bra nu, Ryssland. <strong>Den ryska regionen Saratov Oblast har g\u00e5tt i konkurs och f\u00e5tt sina skulder efterssk\u00e4nkta av ryska staten efter att den civila industriproduktionen i regionen kollapsat under h\u00f6sten<\/strong>. <a href=\"https:\/\/bsky.app\/profile\/beefeaterfella.bsky.social\/post\/3mc57hwzyps2q\" rel=\"nofollow noopener\" target=\"_blank\">Beefeater Fella summerar<\/a>.<\/p>\n<p>\u00c5ret 2025 var katastrofalt f\u00f6r oblastens ekonomi och regionen f\u00f6rlorade 7.5 miljarder rubel bara i \u00e5r och ryska stataen eftersk\u00e4nkte 12.5 miljarder rubel i skulder. S\u00e4rskilt illa ska det varit under slutet av \u00e5ret med \u201cett katastrofalt fall i produktion, s\u00e4rskilt i tillverkningsindustrisektorn orelaterat till det milit\u00e4r-industriella komplexet\u201d.<\/p>\n<p>Saratov \u00e4r en landsbygdsregion, och kanske kan liknas vid H\u00e4lsingland eller kanske S\u00f6dermanland och har goda m\u00f6jligheter till infrastruktur pga att Volga och de inre vattenv\u00e4garna i Ryssland passerar genom regionen. Det ryska strategiska bombflygets stora flygbas Engels-2 ligger vid staden Saratov.<\/p>\n<p><img loading=\"lazy\" decoding=\"async\" width=\"1600\" height=\"901\" src=\"https:\/\/www.europesays.com\/se\/wp-content\/uploads\/2026\/01\/ukraina_strv_vrak_lyman_yampil.jpg\" alt=\"\" class=\"wp-image-81956\"  \/>Foto:\u00a0<a href=\"https:\/\/cornucopia.se\/2023\/12\/gastartikel-varfor-jag-hjalper-ukraina\/\" rel=\"nofollow noopener\" target=\"_blank\">Jonas<\/a>, st\u00f6d hans leveranser av pickuper och utrustning\u00a0direkt till frontf\u00f6rbanden\u00a0<a href=\"https:\/\/disarmamentsolutions.com\/ukraine\/donate\/jvm\" rel=\"nofollow noopener\" target=\"_blank\">via Disarmament Solutions<\/a>\u00a0eller\u00a0<a href=\"https:\/\/www.paypal.com\/paypalme\/jvmukraine\" rel=\"nofollow noopener\" target=\"_blank\">via Paypal<\/a>.\u00a0Se \u00e4ven\u00a0<a href=\"https:\/\/www.facebook.com\/jonas.matern\" rel=\"nofollow noopener\" target=\"_blank\">hans Facebook<\/a>\u00a0eller\u00a0<a href=\"https:\/\/bsky.app\/profile\/jvmukraine.bsky.social\" rel=\"nofollow noopener\" target=\"_blank\">Bluesky<\/a>.<\/p>\n<p><strong>Ryssland tog mycket sv\u00e5ra manskaps- och fordonsf\u00f6rluster ig\u00e5r<\/strong> med <a href=\"https:\/\/www.facebook.com\/GeneralStaff.ua\/posts\/pfbid02iGvjqSjqvqpM76sYgGaFqREciFABbN4EjhpDUvvRxyM8fWrQYbs1Byi5tfnhDm43l\" rel=\"nofollow noopener\" target=\"_blank\">enligt Ukrainas generalstab<\/a> 1 130 man, 134 transportfordon och sv\u00e5ra 44 haubitsar samt en ovanlig salvpj\u00e4s. Ryssarna f\u00f6rlorade ocks\u00e5 h\u00f6ga 11 stridsvagnar och l\u00e5ga tre pansarskytte- och motorskyttefordon.<\/p>\n<p>Situationen \u00f6verlag i Myrnohrad \u00e4r nog att det bara \u00e4r en tidsfr\u00e5ga tills Ukraina genomf\u00f6r en retr\u00e4tt, \u00e4ven om man dr\u00f6jer s\u00e5 l\u00e4nge man kan orsaka sv\u00e5ra f\u00f6rluster f\u00f6r ryssarna i deras f\u00f6rs\u00f6k att inta ruinstaden.<\/p>\n<p><img loading=\"lazy\" decoding=\"async\" width=\"2048\" height=\"1360\" src=\"https:\/\/www.europesays.com\/se\/wp-content\/uploads\/2026\/01\/georgien_fartyg.jpg\" alt=\"\" class=\"wp-image-95506\"  \/>Tankfartyg i Svarta Havet fotograferat fr\u00e5n en strand i Georgien 2016<\/p>\n<p><strong>Georgien prejade den ryska skuggflottans fartyg CAMINERO och b\u00f6tf\u00e4llde dess kapten<\/strong> <a href=\"https:\/\/www.facebook.com\/100064389923618\/posts\/1336790655143919\/?rdid=bCgjVrndxhVj8QNe\" rel=\"nofollow noopener\" target=\"_blank\">uppger den georgiska kustbevakningen<\/a>, f\u00f6rmodligen uppmuntrade av USA:s h\u00e5rdare linje mot Ryssland och den ryska skuggflottan. Efter att flera fartyg i skuggflottan har angripits av Ukraina i Svarta Havet har fartygen b\u00f6rjat krama kusten i Georgien och Turkiet f\u00f6r att undvika ukrainska anfall, vilket f\u00f6rst\u00e5s \u00f6ppnar f\u00f6r att man kan b\u00f6tf\u00e4llas f\u00f6r \u00f6vertr\u00e4delsern, eller f\u00f6r den delen beslagtas.<\/p>\n<p><img loading=\"lazy\" decoding=\"async\" width=\"2048\" height=\"1360\" src=\"https:\/\/www.europesays.com\/se\/wp-content\/uploads\/2026\/01\/nederlanderna_sint_maarten_philipsburg_containerfartyg-2048x1360.jpg\" alt=\"\" class=\"wp-image-168846\"  \/>Ett containerfartyg utanf\u00f6r Philipsburg p\u00e5 Sint Maarten i Nederl\u00e4ndska Antillerna<\/p>\n<p><strong>USA i sin tur jagar nu sju tankfartyg ur den ryska skuggflottan i Karibien efter att dessa \u00e4ndrat kurs<\/strong> i sina f\u00f6rs\u00f6k att undvika prejning av USA:s flotta och kustbevakning <a href=\"https:\/\/en.interfax.com.ua\/news\/general\/1135323.html\" rel=\"nofollow noopener\" target=\"_blank\">rapporterar ukrainska Interfax och citerar det amerikanska krigsdepartementet Pentagon<\/a>:<\/p>\n<blockquote class=\"wp-block-quote is-layout-flow wp-block-quote-is-layout-flow\">\n<p>\u201cThe Department of War blockade in the Caribbean Sea remains in full effect \u2013 and very effective. In the past 24 hours alone, at least seven \u2018dark fleet\u2019 oil vessels have turned around to avoid interdiction \u2013 because they know we mean business.\u201d<\/p>\n<\/blockquote>\n<p>F\u00f6rhoppningsvis plockar USA \u00e4ven dessa fartyg inom kort.<\/p>\n<p><img loading=\"lazy\" decoding=\"async\" width=\"2048\" height=\"1536\" src=\"https:\/\/www.europesays.com\/se\/wp-content\/uploads\/2026\/01\/nederlanderna_saba_mount_scenery_windwardside-2048x1536.jpeg\" alt=\"\" class=\"wp-image-168847\"  \/>Samh\u00e4llet Windwardside p\u00e5 Saba i Nederl\u00e4ndska Antillerna fotograferat fr\u00e5n Nederl\u00e4ndernas h\u00f6gsta berg Mount Scenery. Saba \u00e4r f\u00f6r \u00f6vrigt en av de vackraste platser jag bes\u00f6kt, men lite otillg\u00e4nligt och <a href=\"https:\/\/cornucopia.se\/2019\/11\/foton-saba-karibiens-oexploaterade\/\" rel=\"nofollow noopener\" target=\"_blank\">en oexploaterad p\u00e4rla<\/a> utan vare sig infrastruktur eller anl\u00e4ggningar f\u00f6r massturism. Att \u00f6n stupar rakt ner i havet och saknar badstr\u00e4nder, s\u00e5 bos\u00e4ttningarna ligger p\u00e5 t ex 400 m h\u00f6jd \u00f6ver havet som Windwardside bidrar nog till dess or\u00f6rdhet och sm\u00e5skalighet. Platsen f\u00f6r den f\u00f6rsta landstigningen p\u00e5 \u00f6n kallas f\u00f6r \u00f6vrigt Ladder Bay, vilket sammanfattar hur man tog sig upp p\u00e5 \u00f6n \u2026<\/p>\n<p><strong>Artikeln uppdateras. Vi diskuterar Rysslands krig i Ukraina, f\u00f6rsvar och n\u00e4rliggande \u00e4mnen h\u00e4r. Andra \u00e4mnen kan hanteras i andra artiklar, t ex morgonens ekonomiartikel i till\u00e4mpliga fall.\u00a0<\/strong><strong>Slava Ukraini! Heroiam slava! Razom do peremohi! Smert voroham!<\/strong><\/p>\n<p><img loading=\"lazy\" decoding=\"async\" width=\"2048\" height=\"1536\" src=\"https:\/\/www.europesays.com\/se\/wp-content\/uploads\/2026\/01\/tyskland_berlin_riksdagshuset-2048x1536.jpeg\" alt=\"\" class=\"wp-image-168853\"  \/>Gamla riksdagshuset i Berlin<\/p>\n<p><strong>12:27<\/strong> <a href=\"https:\/\/bsky.app\/profile\/wartranslated.bsky.social\/post\/3mc5ci6h6422z\" rel=\"nofollow noopener\" target=\"_blank\">WarTranslated uppm\u00e4rksammar<\/a> att det nu g\u00e5tt 1 417 dagar sedan den fullskaliga invasionen mot Ukraina. Det \u00e4r lika l\u00e5ng tid som Rysslands krig mot Nazityskland under andra v\u00e4rldskriget, p\u00e5 vilken tid sovjetiska styrkor n\u00e5dde Berlin, <strong>medan Ryssland nu heroiskt avancerat 60 km fr\u00e5n Donetsk till Pokrovsk ist\u00e4llet f\u00f6r fr\u00e5n Moskva till Berlin<\/strong> och med st\u00f6rre f\u00f6rluster per km2 \u00e4n under Stalins andra v\u00e4rldskrig. Framryckningstakten \u00e4r 42 meter om dagen. Betydligt l\u00e5ngsammare och kortare \u00e4n vad en snigel flyttar sig p\u00e5 en dag.<\/p>\n<p>\u00c5 andra sidan hade man ju ukrainska soldater i Sovjetunionen. Nu har man bara ryska. Och s\u00e5 fick man lend-leasest\u00f6d fr\u00e5n USA.<\/p>\n<p><strong>12:43<\/strong> <a href=\"https:\/\/kyivindependent.com\/russia-deploys-new-geran-5-jet-powered-drone\/\" rel=\"nofollow noopener\" target=\"_blank\">Ryssland har b\u00f6rjat anv\u00e4nda den nya dr\u00f6narroboten Geran-5<\/a>, som \u00e4r jetdriven. Den sex meter l\u00e5nga roboten kan b\u00e4ra en stridsspets p\u00e5 90 kg och har 1 000 km i r\u00e4ckvidd vilket g\u00f6r att den n\u00e5r i princip hela Ukraina. Geran-2 n\u00e5r f\u00f6r \u00f6vrigt st\u00f6rre delen av Europa, inklusive Storbritannien och Frankrike, och definitivt hela Sverige. Kyiv Independent uppger att Rsysland h\u00e5ller p\u00e5 att modernisera sin dr\u00f6narrobotflotta.<\/p>\n<p><strong>12:48<\/strong> P\u00e5 tal om volymer och dr\u00f6narrobotar,<a href=\"https:\/\/bsky.app\/profile\/specialkhersoncat.bsky.social\/post\/3mc5g3uhkhc2f\" rel=\"nofollow noopener\" target=\"_blank\"> s\u00e5 ska enbart den ukrainska Stingjaktdr\u00f6naren nu skjutitner \u00f6ver 3 000 Shahedrobotar<\/a>, vilket s\u00e4ger en del om de volymer p\u00e5 luftv\u00e4rn som Sverige m\u00e5ste ha inf\u00f6r det kommande kriget. Sting \u00e4r nog dock f\u00f6rmodligen f\u00f6r l\u00e5ngsam f\u00f6r den jetdrivna Geran-5 enligt 12:43 och spelet sten-sax-p\u00e5se forts\u00e4tter.<\/p>\n<p><strong>12:50<\/strong> <a href=\"https:\/\/united24media.com\/latest-news\/ukraine-reports-first-deployment-of-russias-jet-launch-capable-geran-5-drones-14905\" rel=\"nofollow noopener\" target=\"_blank\">Artikel om Geran-5 dr\u00f6narroboten hos United24 Media,<\/a> inklusive ett foto p\u00e5 en nedskjuten dito. Den kan fj\u00e4rrstyras via 3G\/4G-mobiln\u00e4ten i det anfallna landet och misst\u00e4nkts h\u00e4mta sin design fr\u00e5n iranska Karrardr\u00f6narroboten.<\/p>\n<p><strong>13:30<\/strong> Det forts\u00e4tter f\u00f6r andra dagen <a href=\"https:\/\/bsky.app\/profile\/noelreports.com\/post\/3mc5j67jxwc22\" rel=\"nofollow noopener\" target=\"_blank\">brinna i br\u00e4nsle- eller oljedep\u00e5n som bombades i Volgograd.<\/a><\/p>\n<p><strong>14:45<\/strong> Zaporizjzjiaregionen har f\u00f6r andra g\u00e5ngen den h\u00e4r veckan blivit str\u00f6ml\u00f6st <a href=\"https:\/\/kyivindependent.com\/zaporizhzhia-oblast-loses-power-overnight-for-second-time-in-a-week\/\" rel=\"nofollow noopener\" target=\"_blank\">skriver Kyiv Independent<\/a>.<\/p>\n<p>KOMMENTAR<\/p>\n<p>F\u00f6r \u00f6vrigt \u2013 n\u00e4r hus med vattenburen v\u00e4rme inklusive fj\u00e4rrv\u00e4rme blivit nedkylda tillr\u00e4ckligt vid minusgrader s\u00e5 g\u00e5r det inte bara att sl\u00e5 p\u00e5 v\u00e4rmen igen n\u00e4r fj\u00e4rrv\u00e4rme och cikrulationspumpar fungerar igen. Vattenledningar har frusit och kan d\u00e4rmed inte transportera v\u00e4rme. Inte s\u00e4llan har \u00e4ven isen gjort att ledningarna g\u00e5tt s\u00f6nder och \u00e4ven n\u00e4r det blir plusgrader \u00e4r det inte bara att starta ig\u00e5ng uppv\u00e4rmning igen eftersom det d\u00e5 blir omfattande vattenskador.<\/p>\n<p>Nyckeln f\u00f6r att undvika allt detta \u00e4r att str\u00f6mavbrott och avbrott i fj\u00e4rrv\u00e4rme och uppv\u00e4rmning blir s\u00e5 korta som m\u00f6jligt. B\u00e4ttre att f\u00e5 tillbaka str\u00f6mmen snabbt \u00f6verallt och sedan koppla bort avsiktligt periodvis, som g\u00f6r att det inte hinner fryaa s\u00f6nder, \u00e4n att ge hela omr\u00e5den full kraftf\u00f6rs\u00f6rjning dygnet runt.<\/p>\n<p><strong>14:59<\/strong> Ukraina har bombat tre oljeborriggar i Kaspiska Havet <a href=\"https:\/\/www.facebook.com\/GeneralStaff.ua\/posts\/pfbid0YRKh98zi7YX13tEHLVEZkWLcLivo7zpk439GQYw9gr21y33aEAGLDpz9XDGkFBAPl\" rel=\"nofollow noopener\" target=\"_blank\">rapporterar Ukrainas generalstab<\/a>:<\/p>\n<blockquote class=\"wp-block-quote is-layout-flow wp-block-quote-is-layout-flow\">\n<p>\u201cAs part of measures to reduce the military and economic potential of the aggressor, units of the Defense Forces of Ukraine struck three drilling platforms of Lukoil Corporation in the waters of the Caspian Sea \u2013 namely the V.Filanovsky, Yuri Korchagin and Valery Grayfer platforms. These facilities are used to support the russian occupation army.<br \/>Direct hits have been recorded. The extent of the damage is being assessed.\u201d<\/p>\n<\/blockquote>\n<p>\nNedanst\u00e5ende \u00e4r inneh\u00e5ll fr\u00e5n bloggens samarbetspartner Compricer<\/p>\n","protected":false},"excerpt":{"rendered":"439 Den ryska regionen Saratov Oblast har g\u00e5tt i konkurs p\u00e5 grund av havererande industriproduktion och ekonomi, och&hellip;\n","protected":false},"author":2,"featured_media":132354,"comment_status":"","ping_status":"","sticky":false,"template":"","format":"standard","meta":{"footnotes":""},"categories":[5],"tags":[22,23,26,27,17,21,24,25,28,29,15,16,18,34,31,33,32,30,19,20],"class_list":{"0":"post-132353","1":"post","2":"type-post","3":"status-publish","4":"format-standard","5":"has-post-thumbnail","7":"category-rubriker","8":"tag-breaking-news","9":"tag-breakingnews","10":"tag-featured-news","11":"tag-featurednews","12":"tag-headlines","13":"tag-huvudnyheter","14":"tag-latest-news","15":"tag-latestnews","16":"tag-main-news","17":"tag-mainnews","18":"tag-news","19":"tag-nyheter","20":"tag-rubriker","21":"tag-se","22":"tag-svenska","23":"tag-sverige","24":"tag-sweden","25":"tag-swedish","26":"tag-top-stories","27":"tag-topstories"},"share_on_mastodon":{"url":"https:\/\/pubeurope.com\/@se\/115877000230649909","error":""},"_links":{"self":[{"href":"https:\/\/www.europesays.com\/se\/wp-json\/wp\/v2\/posts\/132353","targetHints":{"allow":["GET"]}}],"collection":[{"href":"https:\/\/www.europesays.com\/se\/wp-json\/wp\/v2\/posts"}],"about":[{"href":"https:\/\/www.europesays.com\/se\/wp-json\/wp\/v2\/types\/post"}],"author":[{"embeddable":true,"href":"https:\/\/www.europesays.com\/se\/wp-json\/wp\/v2\/users\/2"}],"replies":[{"embeddable":true,"href":"https:\/\/www.europesays.com\/se\/wp-json\/wp\/v2\/comments?post=132353"}],"version-history":[{"count":0,"href":"https:\/\/www.europesays.com\/se\/wp-json\/wp\/v2\/posts\/132353\/revisions"}],"wp:featuredmedia":[{"embeddable":true,"href":"https:\/\/www.europesays.com\/se\/wp-json\/wp\/v2\/media\/132354"}],"wp:attachment":[{"href":"https:\/\/www.europesays.com\/se\/wp-json\/wp\/v2\/media?parent=132353"}],"wp:term":[{"taxonomy":"category","embeddable":true,"href":"https:\/\/www.europesays.com\/se\/wp-json\/wp\/v2\/categories?post=132353"},{"taxonomy":"post_tag","embeddable":true,"href":"https:\/\/www.europesays.com\/se\/wp-json\/wp\/v2\/tags?post=132353"}],"curies":[{"name":"wp","href":"https:\/\/api.w.org\/{rel}","templated":true}]}}