{"id":132359,"date":"2026-01-11T14:53:23","date_gmt":"2026-01-11T14:53:23","guid":{"rendered":"https:\/\/www.europesays.com\/se\/132359\/"},"modified":"2026-01-11T14:53:23","modified_gmt":"2026-01-11T14:53:23","slug":"trumps-frustration-over-putin-vaxer-det-ar-trottsamt","status":"publish","type":"post","link":"https:\/\/www.europesays.com\/se\/132359\/","title":{"rendered":"Trumps frustration \u00f6ver Putin v\u00e4xer: \u201dDet \u00e4r tr\u00f6ttsamt\u201d"},"content":{"rendered":"<p>Publicerad 11 jan 2026 kl 06.24Uppdaterad kl 08.24<\/p>\n<p>Donald Trumps t\u00e5lamod med Vladimir Putin uppges vara p\u00e5 v\u00e4g att ta slut.<\/p>\n<p>Enligt <a href=\"https:\/\/www.telegraph.co.uk\/us\/news\/2026\/01\/09\/donald-trump-tiresome-putin-ukraine-war-peace-deal\/\" rel=\"nofollow noopener\" target=\"_blank\">The Telegraphs<\/a> k\u00e4llor ser den amerikanske presidenten nu Rysslands ledare som ett st\u00f6rre hinder f\u00f6r fred i Ukraina \u00e4n president Volodymyr Zelenskyj.<\/p>\n<p>Senaste klippen om kriget i Ukraina.<img   alt=\"\"\/><\/p>\n<p>Vladimir Putin och Donald Trump under ett m\u00f6te i Alaska i augusti f\u00f6rra \u00e5ret.<\/p>\n<p>Foto: JULIA DEMAREE NIKHINSON \/ AP TT NYHETSBYR\u00c5N<\/p>\n<p>\u00d6ppna bild i helsk\u00e4rm<\/p>\n<p>P\u00e5 onsdagen <a href=\"https:\/\/www.expressen.se\/nyheter\/varlden\/usa-bordar-ryskflaggad-oljetanker-efter-jakt\/\" rel=\"nofollow noopener\" target=\"_blank\">beslagtog USA:s flotta<\/a> ett rysktregistrerat tankfartyg i Karibiska havet som misst\u00e4nks ha f\u00f6rs\u00f6kt bryta oljeblockaden mot Venezuela.<\/p>\n<p>N\u00e5gra timmar senare bekr\u00e4ftade Vita huset att president Donald Trump gett gr\u00f6nt ljus f\u00f6r ett lagf\u00f6rslag som kan ge honom l\u00e5ngtg\u00e5ende befogenheter att isolera <a href=\"https:\/\/www.expressen.se\/tagg\/location\/ryssland\/\" class=\"\" rel=\"nofollow noopener\" target=\"_blank\">Ryssland<\/a>, bland annat genom tullar p\u00e5 upp till 500 procent mot l\u00e4nder som k\u00f6per rysk energi.<\/p>\n<p>\u201dSlut p\u00e5 mor\u00f6tter\u201d<\/p>\n<p>The Telegraphs k\u00e4llor beskriver besluten som en tydlig signal till Moskva, och ett resultat av Trumps v\u00e4xande frustration \u00f6ver president Vladimir Putins s\u00e4tt att f\u00f6rhandla om kriget i Ukraina.<\/p>\n<p>\u2013 Han arbetar med en morot-och-piska-strategi. Och jag tror att han har slut p\u00e5 mor\u00f6tter, s\u00e4ger en person med insyn i administrationen till tidningen.<\/p>\n<p>Trump har tidigare talat varmt om Putin och h\u00e4vdat att det \u00e4r Ukraina som b\u00e4r skulden f\u00f6r att n\u00e5gon fred \u00e4nnu inte har uppn\u00e5tts. Men flera nuvarande och tidigare tj\u00e4nstem\u00e4n i Washington s\u00e4ger att hans h\u00e5llning nu \u00e4r n\u00e4rmare den europeiska uppfattningen \u00e4n n\u00e5gonsin, att Putin f\u00f6rs\u00f6ker vinna tid snarare \u00e4n fred i Ukraina.<\/p>\n<p>Ukraina mer kompromissvilligt<\/p>\n<p>\u2013 Det som \u00e4r tr\u00f6ttsamt f\u00f6r administrationen \u00e4r att ryssarna verkar redo, men n\u00e4r fr\u00e5gor dyker upp som vi trodde de var mottagliga f\u00f6r, trappar de upp eller slutar prata, s\u00e4ger en f\u00f6re detta tj\u00e4nsteman till The Telegraph, och till\u00e4gger att Ukraina och president Volodymyr Zelenskyj har varit mer mottagliga f\u00f6r kompromisser.<\/p>\n<p>Trump har \u00e4ven offentligt markerat sin irritation \u00f6ver den ryske ledaren.<\/p>\n<p>\u2013 Jag \u00e4r inte s\u00e4rskilt f\u00f6rtjust i Putin, han d\u00f6dar f\u00f6r m\u00e5nga m\u00e4nniskor, sade han p\u00e5 en presskonferens s\u00e5 sent som p\u00e5 fredagen.<\/p>\n<p><strong>L\u00c4S MER: <\/strong><a href=\"https:\/\/www.expressen.se\/nyheter\/varlden\/trump-natos-framtid-kan-hanga-pa-gronland\/\" class=\"\" rel=\"nofollow noopener\" target=\"_blank\">Trump: Natos framtid kan h\u00e4nga p\u00e5 Gr\u00f6nland<\/a><strong>L\u00c4S MER: <\/strong><a href=\"https:\/\/www.expressen.se\/kronikorer\/mats-larsson\/putin-svaljer-trumps-orfilar-och-smallar\/\" class=\"\" rel=\"nofollow noopener\" target=\"_blank\">Putin sv\u00e4ljer Trumps \u00f6rfilar och sm\u00e4llar<\/a><strong>L\u00c4S MER: <\/strong><a href=\"https:\/\/www.expressen.se\/nyheter\/varlden\/ryska-svaret-mot-usas-agerande--utmarkt-exempel\/\" class=\"\" rel=\"nofollow noopener\" target=\"_blank\">Ryska svaret mot USA:s agerande: \u201dUtm\u00e4rkt exempel\u201d<\/a><\/p>\n","protected":false},"excerpt":{"rendered":"Publicerad 11 jan 2026 kl 06.24Uppdaterad kl 08.24 Donald Trumps t\u00e5lamod med Vladimir Putin uppges vara p\u00e5 v\u00e4g&hellip;\n","protected":false},"author":2,"featured_media":132360,"comment_status":"","ping_status":"","sticky":false,"template":"","format":"standard","meta":{"footnotes":""},"categories":[5],"tags":[22,23,26,27,17,21,24,25,274,202,45,28,29,15,16,198,203,906,18,34,55,31,33,32,30,19,60,20],"class_list":{"0":"post-132359","1":"post","2":"type-post","3":"status-publish","4":"format-standard","5":"has-post-thumbnail","7":"category-rubriker","8":"tag-breaking-news","9":"tag-breakingnews","10":"tag-featured-news","11":"tag-featurednews","12":"tag-headlines","13":"tag-huvudnyheter","14":"tag-latest-news","15":"tag-latestnews","16":"tag-location-ryssland","17":"tag-location-ukraina","18":"tag-location-usa","19":"tag-main-news","20":"tag-mainnews","21":"tag-news","22":"tag-nyheter","23":"tag-person-donald-trump","24":"tag-person-vladimir-putin","25":"tag-person-volodymyr-zelenskyj","26":"tag-rubriker","27":"tag-se","28":"tag-sections-varlden","29":"tag-svenska","30":"tag-sverige","31":"tag-sweden","32":"tag-swedish","33":"tag-top-stories","34":"tag-topic-krig-konflikt","35":"tag-topstories"},"share_on_mastodon":{"url":"https:\/\/pubeurope.com\/@se\/115877039395510905","error":""},"_links":{"self":[{"href":"https:\/\/www.europesays.com\/se\/wp-json\/wp\/v2\/posts\/132359","targetHints":{"allow":["GET"]}}],"collection":[{"href":"https:\/\/www.europesays.com\/se\/wp-json\/wp\/v2\/posts"}],"about":[{"href":"https:\/\/www.europesays.com\/se\/wp-json\/wp\/v2\/types\/post"}],"author":[{"embeddable":true,"href":"https:\/\/www.europesays.com\/se\/wp-json\/wp\/v2\/users\/2"}],"replies":[{"embeddable":true,"href":"https:\/\/www.europesays.com\/se\/wp-json\/wp\/v2\/comments?post=132359"}],"version-history":[{"count":0,"href":"https:\/\/www.europesays.com\/se\/wp-json\/wp\/v2\/posts\/132359\/revisions"}],"wp:featuredmedia":[{"embeddable":true,"href":"https:\/\/www.europesays.com\/se\/wp-json\/wp\/v2\/media\/132360"}],"wp:attachment":[{"href":"https:\/\/www.europesays.com\/se\/wp-json\/wp\/v2\/media?parent=132359"}],"wp:term":[{"taxonomy":"category","embeddable":true,"href":"https:\/\/www.europesays.com\/se\/wp-json\/wp\/v2\/categories?post=132359"},{"taxonomy":"post_tag","embeddable":true,"href":"https:\/\/www.europesays.com\/se\/wp-json\/wp\/v2\/tags?post=132359"}],"curies":[{"name":"wp","href":"https:\/\/api.w.org\/{rel}","templated":true}]}}