{"id":132369,"date":"2026-01-11T15:01:22","date_gmt":"2026-01-11T15:01:22","guid":{"rendered":"https:\/\/www.europesays.com\/se\/132369\/"},"modified":"2026-01-11T15:01:22","modified_gmt":"2026-01-11T15:01:22","slug":"8-sidor-falska-bilder-pa-busch","status":"publish","type":"post","link":"https:\/\/www.europesays.com\/se\/132369\/","title":{"rendered":"8 Sidor &#8211; Falska bilder p\u00e5 Busch"},"content":{"rendered":"<p>Partiet Kristdemokraternas ledare Ebba Busch. Foto: Pontus Lundahl\/TT<\/p>\n<p>M\u00e5nga anv\u00e4nder sajten X<br \/>till att prata om politik<br \/>och saker som h\u00e4nder i v\u00e4rlden.<br \/>V\u00e4rldens rikaste man<br \/>Elon Musk \u00e4ger X.<\/p>\n<p>X har en AI,<br \/>ett smart program.<br \/>Det heter Grok<br \/>och kan skapa<br \/>bilder och texter<br \/>som du ber den att g\u00f6ra.<\/p>\n<p>Nyligen \u00e4ndrade Grok<br \/>en bild med den svenska<br \/>politikern Ebba Busch.<\/p>\n<p>P\u00e5 bilden hade Busch en kl\u00e4nning.<br \/>En person sa \u00e5t Grok<br \/>att \u00e4ndra bilden s\u00e5 att Buschs<br \/>kl\u00e4nning blev en bikini.<br \/>Grok gjorde det.<\/p>\n<p>Grok har \u00e4ven gjort<br \/>sexuella bilder p\u00e5 andra kvinnor.<\/p>\n<p>Personer som anv\u00e4nder X<br \/>ska \u00e4ven ha f\u00e5tt Grok att g\u00f6ra<br \/>sexuella bilder p\u00e5 barn.<br \/>Det skriver tidningen Aftonbladet.<\/p>\n<p>Grok f\u00e5r nu mycket kritik,<br \/>bland annat fr\u00e5n<br \/>Europeiska unionen, EU,<br \/>och Storbritannien.<\/p>\n<p>Nu ska sajten X \u00e4ndra s\u00e5 att bara<br \/>personer som betalar<br \/>kan skapa bilder med Grok.<br \/>X har ocks\u00e5 sagt<br \/>att de jobbar med<br \/>att ta bort bilder<br \/>som kan vara olagliga.<\/p>\n<p>M\u00e5nga svenska politiker<br \/>anv\u00e4nder fortfarande X.<\/p>\n<p>Ebba Busch har inte<br \/>sagt n\u00e5got om bilderna.<br \/>Men Sveriges statsminister<br \/>Ulf Kristersson har kallat dem<br \/>oacceptabla och kr\u00e4nkande.<\/p>\n<p>8 SIDOR<\/p>\n","protected":false},"excerpt":{"rendered":"Partiet Kristdemokraternas ledare Ebba Busch. Foto: Pontus Lundahl\/TT M\u00e5nga anv\u00e4nder sajten Xtill att prata om politikoch saker som&hellip;\n","protected":false},"author":2,"featured_media":132370,"comment_status":"","ping_status":"","sticky":false,"template":"","format":"standard","meta":{"footnotes":""},"categories":[5],"tags":[22,23,26,27,17,21,24,25,28,29,15,16,18,34,31,33,32,30,19,20],"class_list":{"0":"post-132369","1":"post","2":"type-post","3":"status-publish","4":"format-standard","5":"has-post-thumbnail","7":"category-rubriker","8":"tag-breaking-news","9":"tag-breakingnews","10":"tag-featured-news","11":"tag-featurednews","12":"tag-headlines","13":"tag-huvudnyheter","14":"tag-latest-news","15":"tag-latestnews","16":"tag-main-news","17":"tag-mainnews","18":"tag-news","19":"tag-nyheter","20":"tag-rubriker","21":"tag-se","22":"tag-svenska","23":"tag-sverige","24":"tag-sweden","25":"tag-swedish","26":"tag-top-stories","27":"tag-topstories"},"share_on_mastodon":{"url":"https:\/\/pubeurope.com\/@se\/115877070952105669","error":""},"_links":{"self":[{"href":"https:\/\/www.europesays.com\/se\/wp-json\/wp\/v2\/posts\/132369","targetHints":{"allow":["GET"]}}],"collection":[{"href":"https:\/\/www.europesays.com\/se\/wp-json\/wp\/v2\/posts"}],"about":[{"href":"https:\/\/www.europesays.com\/se\/wp-json\/wp\/v2\/types\/post"}],"author":[{"embeddable":true,"href":"https:\/\/www.europesays.com\/se\/wp-json\/wp\/v2\/users\/2"}],"replies":[{"embeddable":true,"href":"https:\/\/www.europesays.com\/se\/wp-json\/wp\/v2\/comments?post=132369"}],"version-history":[{"count":0,"href":"https:\/\/www.europesays.com\/se\/wp-json\/wp\/v2\/posts\/132369\/revisions"}],"wp:featuredmedia":[{"embeddable":true,"href":"https:\/\/www.europesays.com\/se\/wp-json\/wp\/v2\/media\/132370"}],"wp:attachment":[{"href":"https:\/\/www.europesays.com\/se\/wp-json\/wp\/v2\/media?parent=132369"}],"wp:term":[{"taxonomy":"category","embeddable":true,"href":"https:\/\/www.europesays.com\/se\/wp-json\/wp\/v2\/categories?post=132369"},{"taxonomy":"post_tag","embeddable":true,"href":"https:\/\/www.europesays.com\/se\/wp-json\/wp\/v2\/tags?post=132369"}],"curies":[{"name":"wp","href":"https:\/\/api.w.org\/{rel}","templated":true}]}}