{"id":132381,"date":"2026-01-11T15:09:10","date_gmt":"2026-01-11T15:09:10","guid":{"rendered":"https:\/\/www.europesays.com\/se\/132381\/"},"modified":"2026-01-11T15:09:10","modified_gmt":"2026-01-11T15:09:10","slug":"expressen-direkt-senaste-nytt-i-korthet-1116","status":"publish","type":"post","link":"https:\/\/www.europesays.com\/se\/132381\/","title":{"rendered":"Expressen Direkt \u2013 senaste nytt i korthet"},"content":{"rendered":"<p>Morgonens nyheter 11 januari\u00a0Mystiska skr\u00e4ckvapnet i USA-r\u00e4den<\/p>\n<p>USA anv\u00e4nde ett mycket kraftfullt vapen under en r\u00e4d mot Venezuela d\u00e4r landets ledare Nicol\u00e1s Maduro tillf\u00e5ngatogs, enligt New York Post. En Maduro-lojal soldat vittnar om att amerikanska styrkor anv\u00e4nde dr\u00f6nare och avancerad teknik, och att ett intensivt ljudvapen fick soldater att bl\u00f6da n\u00e4sblod och kr\u00e4kas blod. Soldaten beskriver att de inte hade n\u00e5gon chans mot USA:s teknologi och att det k\u00e4ndes som om huvudet imploderade n\u00e4r vapnet anv\u00e4ndes.<\/p>\n<p>Enligt Venezuelas inrikesdepartement d\u00f6dades hundra soldater i r\u00e4den.<\/p>\n<p><a href=\"https:\/\/www.expressen.se\/nyheter\/varlden\/mystiska-skrackvapnet-i--usa-raden-kraktes-blod\/\" target=\"_top\" rel=\"nofollow noopener\">Mystiska skr\u00e4ckvapnet i USA-r\u00e4den: \u201dKr\u00e4ktes blod\u201d<\/a><\/p>\n<p>Gul varning f\u00f6r Gotland<\/p>\n<p>SMHI har utf\u00e4rdat en gul varning f\u00f6r sn\u00f6fall i kombination med vind f\u00f6r Gotland. Varningen omfattar hela \u00f6n och g\u00e4ller fram till s\u00f6ndag klockan 20. Sn\u00f6byar, nordliga vindar och sn\u00f6m\u00e4ngder p\u00e5 5-15 cm v\u00e4ntas, enligt SMHI:s v\u00e4dervarning.<\/p>\n<p>F\u00e4rjorna med tidiga avg\u00e5ngar mellan Visby och Nyn\u00e4shamn har st\u00e4llts in i b\u00e5da riktningarna p\u00e5 grund av &#8221;h\u00e5rt v\u00e4der&#8221;. Avg\u00e5ngarna under eftermiddagen har \u00e4ven skjutits fram.<\/p>\n<p>Samtidigt uppmanar Trafikverket alla som ska ut p\u00e5 v\u00e4garna att vara mycket f\u00f6rsiktiga.<\/p>\n<p><a href=\"https:\/\/www.expressen.se\/nyheter\/expressen-direkt\/?post=b9100067-097a-4227-8e59-0bb5f118a63e\" target=\"_top\" rel=\"nofollow noopener\">Gul varning f\u00f6r Gotland<\/a><\/p>\n<p>Fortsatta protester i Iran \u2013 \u00f6ver 100 d\u00f6da<\/p>\n<p>De veckol\u00e5nga protesterna i Iran fortsatte med of\u00f6rminskad styrka n\u00e4r regimkritiska demonstranter samlades under l\u00f6rdagskv\u00e4llen. Minst 116 personer uppges ha d\u00f6dats under protesterna, enligt USA-baserade HRANA.<\/p>\n<p>Norr om huvudstaden Teheran skanderade demonstrerande folksamlingar slagord samtidigt som de avfyrade fyrverkerier och sm\u00e4llde i kastruller, visar videor fr\u00e5n platsen som nyhetsbyr\u00e5n AFP har verifierat.<\/p>\n<p>Styret i Teheran rapporteras ha svarat med kraftigt v\u00e5ld mot demonstrationerna, som startade i slutet av december. De senaste dagarna har konflikten intensifierats och s\u00e4kerhetsstyrkor uppges skjuta skarpt mot demonstranter. Fler \u00e4n 2 600 demonstranter har gripits i landet, och internetanslutningen har \u00e4ven st\u00e4ngts ner.<\/p>\n<p><a href=\"https:\/\/www.expressen.se\/nyheter\/expressen-direkt\/?post=b709f05f-d0d6-47d1-b0d9-d912f421f4e6\" target=\"_top\" rel=\"nofollow noopener\">Fortsatta protester i Iran \u2013 \u00f6ver 100 d\u00f6da\u00a0<\/a><\/p>\n","protected":false},"excerpt":{"rendered":"Morgonens nyheter 11 januari\u00a0Mystiska skr\u00e4ckvapnet i USA-r\u00e4den USA anv\u00e4nde ett mycket kraftfullt vapen under en r\u00e4d mot Venezuela&hellip;\n","protected":false},"author":2,"featured_media":39,"comment_status":"","ping_status":"","sticky":false,"template":"","format":"standard","meta":{"footnotes":""},"categories":[5],"tags":[22,23,26,27,17,21,24,25,28,29,15,16,18,34,31,33,32,30,19,20],"class_list":{"0":"post-132381","1":"post","2":"type-post","3":"status-publish","4":"format-standard","5":"has-post-thumbnail","7":"category-rubriker","8":"tag-breaking-news","9":"tag-breakingnews","10":"tag-featured-news","11":"tag-featurednews","12":"tag-headlines","13":"tag-huvudnyheter","14":"tag-latest-news","15":"tag-latestnews","16":"tag-main-news","17":"tag-mainnews","18":"tag-news","19":"tag-nyheter","20":"tag-rubriker","21":"tag-se","22":"tag-svenska","23":"tag-sverige","24":"tag-sweden","25":"tag-swedish","26":"tag-top-stories","27":"tag-topstories"},"share_on_mastodon":{"url":"https:\/\/pubeurope.com\/@se\/115877102406887218","error":""},"_links":{"self":[{"href":"https:\/\/www.europesays.com\/se\/wp-json\/wp\/v2\/posts\/132381","targetHints":{"allow":["GET"]}}],"collection":[{"href":"https:\/\/www.europesays.com\/se\/wp-json\/wp\/v2\/posts"}],"about":[{"href":"https:\/\/www.europesays.com\/se\/wp-json\/wp\/v2\/types\/post"}],"author":[{"embeddable":true,"href":"https:\/\/www.europesays.com\/se\/wp-json\/wp\/v2\/users\/2"}],"replies":[{"embeddable":true,"href":"https:\/\/www.europesays.com\/se\/wp-json\/wp\/v2\/comments?post=132381"}],"version-history":[{"count":0,"href":"https:\/\/www.europesays.com\/se\/wp-json\/wp\/v2\/posts\/132381\/revisions"}],"wp:featuredmedia":[{"embeddable":true,"href":"https:\/\/www.europesays.com\/se\/wp-json\/wp\/v2\/media\/39"}],"wp:attachment":[{"href":"https:\/\/www.europesays.com\/se\/wp-json\/wp\/v2\/media?parent=132381"}],"wp:term":[{"taxonomy":"category","embeddable":true,"href":"https:\/\/www.europesays.com\/se\/wp-json\/wp\/v2\/categories?post=132381"},{"taxonomy":"post_tag","embeddable":true,"href":"https:\/\/www.europesays.com\/se\/wp-json\/wp\/v2\/tags?post=132381"}],"curies":[{"name":"wp","href":"https:\/\/api.w.org\/{rel}","templated":true}]}}