{"id":132384,"date":"2026-01-11T15:13:06","date_gmt":"2026-01-11T15:13:06","guid":{"rendered":"https:\/\/www.europesays.com\/se\/132384\/"},"modified":"2026-01-11T15:13:06","modified_gmt":"2026-01-11T15:13:06","slug":"hojda-systemkrav-for-apples-hem-app","status":"publish","type":"post","link":"https:\/\/www.europesays.com\/se\/132384\/","title":{"rendered":"H\u00f6jda systemkrav f\u00f6r Apples hem-app"},"content":{"rendered":"<p>Anv\u00e4nder du dig av Apples Hem-app kan vi informera om att du m\u00e5ste uppdatera till en nyare version senast den 10 februari.<\/p>\n<p>D\u00e5 upph\u00f6r n\u00e4mligen st\u00f6det f\u00f6r den \u00e4ldre versionen av appen, rapporterar <a href=\"https:\/\/idg.digidip.net\/visit?url=https:\/\/www.macrumors.com\/2026\/01\/09\/apple-home-app-upgrade-reminder\/&amp;currurl=https:\/\/www.macworld.se\/article\/3029027\/hojda-systemkrav-for-apples-hem-app.html&amp;ref=7-1-3029027-1-0-0-0-0\" data-type=\"link\" data-id=\"https:\/\/www.macrumors.com\/2026\/01\/09\/apple-home-app-upgrade-reminder\/\" rel=\"nofollow noopener\" data-subtag=\"7-1-3029027-1-0-0-0-0\" data-domain-name=\"macrumors\" target=\"_blank\">Macrumors<\/a>.<\/p>\n<p>Systemkravet f\u00f6r den nya Hem-appen \u00e4r version 16.2 eller senare av IOS, Ipad OS och TV OS, samt version 13.1 eller senare av Mac OS och version 9.2 eller senare av Watch OS.<\/p>\n<p>Om du inte kan eller vill uppdatera kommer du inte kunna styra dina smarta prylar efter ovann\u00e4mnda datum.<\/p>\n","protected":false},"excerpt":{"rendered":"Anv\u00e4nder du dig av Apples Hem-app kan vi informera om att du m\u00e5ste uppdatera till en nyare version&hellip;\n","protected":false},"author":2,"featured_media":132385,"comment_status":"","ping_status":"","sticky":false,"template":"","format":"standard","meta":{"footnotes":""},"categories":[66],"tags":[80,78,79,34,31,33,32,30,81,84,83,82],"class_list":{"0":"post-132384","1":"post","2":"type-post","3":"status-publish","4":"format-standard","5":"has-post-thumbnail","7":"category-vetenskap-och-teknik","8":"tag-science","9":"tag-science-and-technology","10":"tag-scienceandtechnology","11":"tag-se","12":"tag-svenska","13":"tag-sverige","14":"tag-sweden","15":"tag-swedish","16":"tag-technology","17":"tag-teknik","18":"tag-vetenskap","19":"tag-vetenskapteknik"},"share_on_mastodon":{"url":"https:\/\/pubeurope.com\/@se\/115877118175122475","error":""},"_links":{"self":[{"href":"https:\/\/www.europesays.com\/se\/wp-json\/wp\/v2\/posts\/132384","targetHints":{"allow":["GET"]}}],"collection":[{"href":"https:\/\/www.europesays.com\/se\/wp-json\/wp\/v2\/posts"}],"about":[{"href":"https:\/\/www.europesays.com\/se\/wp-json\/wp\/v2\/types\/post"}],"author":[{"embeddable":true,"href":"https:\/\/www.europesays.com\/se\/wp-json\/wp\/v2\/users\/2"}],"replies":[{"embeddable":true,"href":"https:\/\/www.europesays.com\/se\/wp-json\/wp\/v2\/comments?post=132384"}],"version-history":[{"count":0,"href":"https:\/\/www.europesays.com\/se\/wp-json\/wp\/v2\/posts\/132384\/revisions"}],"wp:featuredmedia":[{"embeddable":true,"href":"https:\/\/www.europesays.com\/se\/wp-json\/wp\/v2\/media\/132385"}],"wp:attachment":[{"href":"https:\/\/www.europesays.com\/se\/wp-json\/wp\/v2\/media?parent=132384"}],"wp:term":[{"taxonomy":"category","embeddable":true,"href":"https:\/\/www.europesays.com\/se\/wp-json\/wp\/v2\/categories?post=132384"},{"taxonomy":"post_tag","embeddable":true,"href":"https:\/\/www.europesays.com\/se\/wp-json\/wp\/v2\/tags?post=132384"}],"curies":[{"name":"wp","href":"https:\/\/api.w.org\/{rel}","templated":true}]}}