{"id":132388,"date":"2026-01-11T15:15:06","date_gmt":"2026-01-11T15:15:06","guid":{"rendered":"https:\/\/www.europesays.com\/se\/132388\/"},"modified":"2026-01-11T15:15:06","modified_gmt":"2026-01-11T15:15:06","slug":"en-dod-och-22-skadade-i-olycka-med-turistbat-i-thailand","status":"publish","type":"post","link":"https:\/\/www.europesays.com\/se\/132388\/","title":{"rendered":"En d\u00f6d och 22 skadade i olycka med turistb\u00e5t i Thailand"},"content":{"rendered":"<p>Den person som omkommit i olyckan var fr\u00e5n Ryssland, enligt den danska nyhetskanalen. De skadade har f\u00f6rst till sjukhus enligt <a href=\"https:\/\/www.thairath.co.th\/news\/local\/south\/2907079\" rel=\"nofollow noopener\" target=\"_blank\">Thai Rath<\/a>. Av de skadade uppges 19 vara utl\u00e4ndska turister. <\/p>\n<p>Utrikesdepartementet skriver i ett mejl till SVT att det inte finns n\u00e5gra uppgifter om skadade svenskar. <\/p>\n<p>\u201dAmbassaden i Bangkok f\u00f6ljer h\u00e4ndelseutvecklingen\u201d, skriver UD.<\/p>\n","protected":false},"excerpt":{"rendered":"Den person som omkommit i olyckan var fr\u00e5n Ryssland, enligt den danska nyhetskanalen. De skadade har f\u00f6rst till&hellip;\n","protected":false},"author":2,"featured_media":63854,"comment_status":"","ping_status":"","sticky":false,"template":"","format":"standard","meta":{"footnotes":""},"categories":[14],"tags":[22,23,26,27,17,21,24,25,28,29,15,16,18,34,31,33,32,30,19,20,51,52,53,54],"class_list":{"0":"post-132388","1":"post","2":"type-post","3":"status-publish","4":"format-standard","5":"has-post-thumbnail","7":"category-varlden","8":"tag-breaking-news","9":"tag-breakingnews","10":"tag-featured-news","11":"tag-featurednews","12":"tag-headlines","13":"tag-huvudnyheter","14":"tag-latest-news","15":"tag-latestnews","16":"tag-main-news","17":"tag-mainnews","18":"tag-news","19":"tag-nyheter","20":"tag-rubriker","21":"tag-se","22":"tag-svenska","23":"tag-sverige","24":"tag-sweden","25":"tag-swedish","26":"tag-top-stories","27":"tag-topstories","28":"tag-varlden","29":"tag-world","30":"tag-world-news","31":"tag-worldnews"},"share_on_mastodon":{"url":"https:\/\/pubeurope.com\/@se\/115877126075910066","error":""},"_links":{"self":[{"href":"https:\/\/www.europesays.com\/se\/wp-json\/wp\/v2\/posts\/132388","targetHints":{"allow":["GET"]}}],"collection":[{"href":"https:\/\/www.europesays.com\/se\/wp-json\/wp\/v2\/posts"}],"about":[{"href":"https:\/\/www.europesays.com\/se\/wp-json\/wp\/v2\/types\/post"}],"author":[{"embeddable":true,"href":"https:\/\/www.europesays.com\/se\/wp-json\/wp\/v2\/users\/2"}],"replies":[{"embeddable":true,"href":"https:\/\/www.europesays.com\/se\/wp-json\/wp\/v2\/comments?post=132388"}],"version-history":[{"count":0,"href":"https:\/\/www.europesays.com\/se\/wp-json\/wp\/v2\/posts\/132388\/revisions"}],"wp:featuredmedia":[{"embeddable":true,"href":"https:\/\/www.europesays.com\/se\/wp-json\/wp\/v2\/media\/63854"}],"wp:attachment":[{"href":"https:\/\/www.europesays.com\/se\/wp-json\/wp\/v2\/media?parent=132388"}],"wp:term":[{"taxonomy":"category","embeddable":true,"href":"https:\/\/www.europesays.com\/se\/wp-json\/wp\/v2\/categories?post=132388"},{"taxonomy":"post_tag","embeddable":true,"href":"https:\/\/www.europesays.com\/se\/wp-json\/wp\/v2\/tags?post=132388"}],"curies":[{"name":"wp","href":"https:\/\/api.w.org\/{rel}","templated":true}]}}