{"id":132401,"date":"2026-01-11T15:24:07","date_gmt":"2026-01-11T15:24:07","guid":{"rendered":"https:\/\/www.europesays.com\/se\/132401\/"},"modified":"2026-01-11T15:24:07","modified_gmt":"2026-01-11T15:24:07","slug":"anneli-doms-efter-att-vildsvin-sprang-in-i-hennes-bil","status":"publish","type":"post","link":"https:\/\/www.europesays.com\/se\/132401\/","title":{"rendered":"Anneli d\u00f6ms efter att vildsvin sprang in i hennes bil"},"content":{"rendered":"<p>Det var en m\u00f6rk och regnig kv\u00e4ll i september som Anneli Kalander \u00e5kte mot Storvreta p\u00e5 v\u00e4g 290.Eftersom sikten var d\u00e5lig och det dessutom p\u00e5gick ett v\u00e4garbete k\u00f6rde hon v\u00e4ldigt l\u00e5ngsamt. Pl\u00f6tsligt sprang ett vildsvin \u00f6ver v\u00e4gen.\u2013 I \u00f6gonvr\u00e5n ser jag ytterligare ett vildsvin komma springande, s\u00e5 jag stannar. Men det g\u00f6r inte grisen; den springer in i bilens dimljus och <\/p>\n","protected":false},"excerpt":{"rendered":"Det var en m\u00f6rk och regnig kv\u00e4ll i september som Anneli Kalander \u00e5kte mot Storvreta p\u00e5 v\u00e4g 290.Eftersom&hellip;\n","protected":false},"author":2,"featured_media":132402,"comment_status":"","ping_status":"","sticky":false,"template":"","format":"standard","meta":{"footnotes":""},"categories":[12],"tags":[22,23,26,27,17,21,24,25,28,29,15,16,18,34,31,33,32,30,19,20],"class_list":{"0":"post-132401","1":"post","2":"type-post","3":"status-publish","4":"format-standard","5":"has-post-thumbnail","7":"category-sverige","8":"tag-breaking-news","9":"tag-breakingnews","10":"tag-featured-news","11":"tag-featurednews","12":"tag-headlines","13":"tag-huvudnyheter","14":"tag-latest-news","15":"tag-latestnews","16":"tag-main-news","17":"tag-mainnews","18":"tag-news","19":"tag-nyheter","20":"tag-rubriker","21":"tag-se","22":"tag-svenska","23":"tag-sverige","24":"tag-sweden","25":"tag-swedish","26":"tag-top-stories","27":"tag-topstories"},"share_on_mastodon":{"url":"https:\/\/pubeurope.com\/@se\/115877161397905925","error":""},"_links":{"self":[{"href":"https:\/\/www.europesays.com\/se\/wp-json\/wp\/v2\/posts\/132401","targetHints":{"allow":["GET"]}}],"collection":[{"href":"https:\/\/www.europesays.com\/se\/wp-json\/wp\/v2\/posts"}],"about":[{"href":"https:\/\/www.europesays.com\/se\/wp-json\/wp\/v2\/types\/post"}],"author":[{"embeddable":true,"href":"https:\/\/www.europesays.com\/se\/wp-json\/wp\/v2\/users\/2"}],"replies":[{"embeddable":true,"href":"https:\/\/www.europesays.com\/se\/wp-json\/wp\/v2\/comments?post=132401"}],"version-history":[{"count":0,"href":"https:\/\/www.europesays.com\/se\/wp-json\/wp\/v2\/posts\/132401\/revisions"}],"wp:featuredmedia":[{"embeddable":true,"href":"https:\/\/www.europesays.com\/se\/wp-json\/wp\/v2\/media\/132402"}],"wp:attachment":[{"href":"https:\/\/www.europesays.com\/se\/wp-json\/wp\/v2\/media?parent=132401"}],"wp:term":[{"taxonomy":"category","embeddable":true,"href":"https:\/\/www.europesays.com\/se\/wp-json\/wp\/v2\/categories?post=132401"},{"taxonomy":"post_tag","embeddable":true,"href":"https:\/\/www.europesays.com\/se\/wp-json\/wp\/v2\/tags?post=132401"}],"curies":[{"name":"wp","href":"https:\/\/api.w.org\/{rel}","templated":true}]}}