{"id":132403,"date":"2026-01-11T15:25:14","date_gmt":"2026-01-11T15:25:14","guid":{"rendered":"https:\/\/www.europesays.com\/se\/132403\/"},"modified":"2026-01-11T15:25:14","modified_gmt":"2026-01-11T15:25:14","slug":"emma-femma-i-ibu-cupen-svenska-skidskytteforbundet","status":"publish","type":"post","link":"https:\/\/www.europesays.com\/se\/132403\/","title":{"rendered":"Emma femma i IBU-cupen | Svenska Skidskyttef\u00f6rbundet"},"content":{"rendered":"<p class=\"normal\"><strong>Herrar jaktstart<\/strong><\/p>\n<p class=\"normal\"><strong>Emil Nykvist<\/strong> inledde med en bom i det f\u00f6rsta skyttet och f\u00f6ll tre placeringar till 16:e plats och var en placering s\u00e4mre efter \u00e4nnu ett missat skott i andra liggande. Han fortsatte fint med 10:e \u00e5ktid p\u00e5 det tredje varvet, men missade d\u00e4refter ett skott \u00e4ven i f\u00f6rsta st\u00e5ende. Emil beh\u00f6ll \u00e4nd\u00e5 sin placering och avancerade sedan till 15:e plats trots en fj\u00e4rde bom i det avslutande skyttet och fick samma placering i m\u00e5l, 2,27 bakom fransmannen <strong>Antonin Guigonnat<\/strong> som sk\u00f6t fyra nollor. Emil hade 15:e tid totalt i sp\u00e5ret, 56 sekunder l\u00e5ngsammare \u00e4n hans landsman <strong>Gaetan Paturel<\/strong> efter en stabil insats utan spets.<\/p>\n<p class=\"normal\">Efter snabbaste tid p\u00e5 det f\u00f6rsta varvet inledde <strong>Philip Lindkvist-Fl\u00f6tten<\/strong> med en bom och l\u00e4mnade vallen som 49:a. Han fortsatte med b\u00e4sta \u00e5ktid \u00e4ven p\u00e5 n\u00e4sta varv och avancerade 12 placeringar, men f\u00f6ll till 41:a plats trots fullt i en l\u00e5ngsam serie i andra liggande. Philip var \u00e5tta placeringar b\u00e4ttre efter snabbaste \u00e5ktid f\u00f6r tredje g\u00e5ngen och l\u00e5g fortsatt p\u00e5 33:e plats efter \u00e4nnu ett missat skott. Efter andra tid p\u00e5 det fj\u00e4rde varvet och med 19-\u00e5ringen p\u00e5 26:e plats inf\u00f6r sista st\u00e5ende avslutade han med tv\u00e5 bom och hamnade p\u00e5 31:a plats i m\u00e5l, 3,50 fr\u00e5n segern. Philip imponerade med n\u00e4st b\u00e4sta \u00e5ktid totalt, bara tre sekunder efter snabbaste man och kl\u00e4ttrade hela 27 placeringar fr\u00e5n start.<\/p>\n<p class=\"normal\"><strong>Melker Nordgren<\/strong> l\u00e5g kvar p\u00e5 14:e plats efter en bom i f\u00f6rsta liggande, men \u00e5kte p\u00e5 fyra straffrundor i det andra skyttet och f\u00f6ll 17 placeringar. Han fick samma resultat \u00e4ven i f\u00f6rsta st\u00e5ende och avslutade sedan med en nionde bom i det sista skyttet. Det gjorde att Melker hamnade p\u00e5 45:e plats i m\u00e5l, 5,20 bakom segrande <strong>Antonin Guigonnat<\/strong>. I sp\u00e5ret var han 1,49 l\u00e5ngsammare \u00e4n <strong>Gaetan Paturel<\/strong>, men hade sj\u00e4tte skjuttid efter fyra serier p\u00e5 1,47.<\/p>\n<p class=\"normal\">Det blev en tung dag f\u00f6r <strong>Oscar Andersson<\/strong> som missade tv\u00e5 skott redan i f\u00f6rsta liggande och sk\u00f6t sju bom totalt. Han fick n\u00f6ja sig med 54:e plats i m\u00e5l, 7,32 fr\u00e5n segern \u2013 och tappade totalt 2,56 mot snabbaste man \u00e5km\u00e4ssigt.<\/p>\n<p class=\"normal\"><strong>Damer jaktstart<\/strong><\/p>\n<p class=\"normal\"><strong>Emma Nilsson<\/strong> fortsatte sitt fina skyttefacit med att nolla i f\u00f6rsta liggande och avancerade tv\u00e5 placeringar till femte plats, en knapp halvminut fr\u00e5n t\u00e4ten. Hon fick sl\u00e4ppa tre \u00e5kare f\u00f6rbi sig p\u00e5 det andra varvet, men var felfri \u00e4ven i det andra skyttet och l\u00e5g fyra ut p\u00e5 det tredje varvet. N\u00e4r hon lyckades skjuta fullt \u00e4ven i f\u00f6rsta st\u00e5ende hade Emma 37 sekunder upp till pallen som fortsatt fyra, men blev passerad av fransyskan <strong>Paula Botet <\/strong>efter en bom i det sista skyttet. Hon lyckades \u00e4nd\u00e5 h\u00e5lla femteplatsen in i m\u00e5l med nionde tid p\u00e5 slutvarvet, 1,17 bakom <strong>Marlene Fichtner<\/strong> fr\u00e5n Tyskland som sk\u00f6t fyra nollor. I sp\u00e5ret hade Emma 15:e tid totalt, 1,37 l\u00e5ngsammare \u00e4n <strong>Sophie Chauveau<\/strong> och var \u00e5tta p\u00e5 skjutvallen och femma i sj\u00e4lva jaktstarten efter \u00e4nnu en imponerande insats.<\/p>\n<p class=\"normal\">Efter fullt i det f\u00f6rsta skyttet avancerade <strong>Anna Hedstr\u00f6m<\/strong> tre placeringar till nionde plats, en dryg minut fr\u00e5n t\u00e4ten. Hon l\u00e5g \u00e4ven kvar p\u00e5 samma placering efter en bom i andra liggande och fortsatte sedan med sjunde \u00e5ktid p\u00e5 v\u00e4gen till f\u00f6rsta st\u00e5ende. D\u00e4r lyckades Anna nolla \u00e4nnu en g\u00e5ng p\u00e5 25 sekunder och hade bara en dryg halvminut upp till sj\u00e4tte plats inf\u00f6r det avslutande skyttet. Tyv\u00e4rr gjorde tre missade skott att hon f\u00f6ll fem placeringar och hamnade till sist p\u00e5 15:e plats i m\u00e5l, 3,07 fr\u00e5n segern. Anna var totalt \u00e5tta sekunder snabbare \u00e4n Emma med 12:e tid i sp\u00e5ret, 1,29 efter b\u00e4sta \u00e5kare.<\/p>\n<p class=\"normal\"><strong>Annie Lindh <\/strong>inledde med en nolla i f\u00f6rsta liggande och kl\u00e4ttrade 11 placeringar till 23:e plats och fortsatte sedan med 10:e tid p\u00e5 v\u00e4gen till det andra skyttet. D\u00e4r gjorde tv\u00e5 bom att hon f\u00f6ll \u00e5tta placeringar, men var d\u00e4refter tre placeringar b\u00e4ttre trots ett missat skott i f\u00f6rsta st\u00e5ende. Annie satte punkt med samma resultat i det sista skyttet och avancerade tre placeringar p\u00e5 slutvarvet till 27:e plats i m\u00e5l, drygt fem minuter bakom segrande <strong>Marlene Fichtner<\/strong>. \u00c5km\u00e4ssigt var hon 2,03 l\u00e5ngsammare \u00e4n <strong>Sophie Chauveau<\/strong>.<\/p>\n<p class=\"normal\">Trots en bom i det f\u00f6rsta skyttet kl\u00e4ttrade <strong>Johanna Nordqvist<\/strong> till 39:e plats, men f\u00f6ll fyra placeringar efter \u00e4nnu ett missat skott i andra liggande. Hon fortsatte med en tredje bom i f\u00f6rsta st\u00e5ende och l\u00e5g p\u00e5 38:e plats inf\u00f6r det avslutande skyttet, men missade ytterligare tv\u00e5 skott och blev ocks\u00e5 38:a i m\u00e5l, 6,42 fr\u00e5n segern. Johanna tappade totalt 2,19 mot snabbaste \u00e5kare.<\/p>\n<p class=\"normal\">IBU-cupen forts\u00e4tter n\u00e4rmast i slovakiska Brezno-Osrblie med mixstafetter, sprint och masstart 60 fr\u00e5n onsdag 14 januari.<\/p>\n<p class=\"normal\"><strong>Text och analys: L-G Alsenius<\/strong><\/p>\n","protected":false},"excerpt":{"rendered":"Herrar jaktstart Emil Nykvist inledde med en bom i det f\u00f6rsta skyttet och f\u00f6ll tre placeringar till 16:e&hellip;\n","protected":false},"author":2,"featured_media":132404,"comment_status":"","ping_status":"","sticky":false,"template":"","format":"standard","meta":{"footnotes":""},"categories":[5],"tags":[22,23,26,27,17,21,24,25,28,29,15,16,18,34,31,33,32,30,19,20],"class_list":{"0":"post-132403","1":"post","2":"type-post","3":"status-publish","4":"format-standard","5":"has-post-thumbnail","7":"category-rubriker","8":"tag-breaking-news","9":"tag-breakingnews","10":"tag-featured-news","11":"tag-featurednews","12":"tag-headlines","13":"tag-huvudnyheter","14":"tag-latest-news","15":"tag-latestnews","16":"tag-main-news","17":"tag-mainnews","18":"tag-news","19":"tag-nyheter","20":"tag-rubriker","21":"tag-se","22":"tag-svenska","23":"tag-sverige","24":"tag-sweden","25":"tag-swedish","26":"tag-top-stories","27":"tag-topstories"},"share_on_mastodon":{"url":"https:\/\/pubeurope.com\/@se\/115877165280651840","error":""},"_links":{"self":[{"href":"https:\/\/www.europesays.com\/se\/wp-json\/wp\/v2\/posts\/132403","targetHints":{"allow":["GET"]}}],"collection":[{"href":"https:\/\/www.europesays.com\/se\/wp-json\/wp\/v2\/posts"}],"about":[{"href":"https:\/\/www.europesays.com\/se\/wp-json\/wp\/v2\/types\/post"}],"author":[{"embeddable":true,"href":"https:\/\/www.europesays.com\/se\/wp-json\/wp\/v2\/users\/2"}],"replies":[{"embeddable":true,"href":"https:\/\/www.europesays.com\/se\/wp-json\/wp\/v2\/comments?post=132403"}],"version-history":[{"count":0,"href":"https:\/\/www.europesays.com\/se\/wp-json\/wp\/v2\/posts\/132403\/revisions"}],"wp:featuredmedia":[{"embeddable":true,"href":"https:\/\/www.europesays.com\/se\/wp-json\/wp\/v2\/media\/132404"}],"wp:attachment":[{"href":"https:\/\/www.europesays.com\/se\/wp-json\/wp\/v2\/media?parent=132403"}],"wp:term":[{"taxonomy":"category","embeddable":true,"href":"https:\/\/www.europesays.com\/se\/wp-json\/wp\/v2\/categories?post=132403"},{"taxonomy":"post_tag","embeddable":true,"href":"https:\/\/www.europesays.com\/se\/wp-json\/wp\/v2\/tags?post=132403"}],"curies":[{"name":"wp","href":"https:\/\/api.w.org\/{rel}","templated":true}]}}