{"id":132411,"date":"2026-01-11T15:31:23","date_gmt":"2026-01-11T15:31:23","guid":{"rendered":"https:\/\/www.europesays.com\/se\/132411\/"},"modified":"2026-01-11T15:31:23","modified_gmt":"2026-01-11T15:31:23","slug":"g7-motet-flyttas-krockade-med-trumps-kampsportsgala","status":"publish","type":"post","link":"https:\/\/www.europesays.com\/se\/132411\/","title":{"rendered":"G7 m\u00f6tet flyttas \u2013 krockade med Trumps kampsportsgala"},"content":{"rendered":"<p><strong>Den 14 juni fyller<\/strong> Donald Trump 80 \u00e5r, och samtidigt ska en kampsportsgala organiserad av UFC h\u00e5llas p\u00e5 Vita husets s\u00f6dra tr\u00e4dg\u00e5rd. Enligt Donald Trump ska \u201d\u00e5tta eller nio\u201d titelmatcher h\u00e5lla under galan, och UFC:s vd Dana White uppger att en publik p\u00e5 90.000 personer v\u00e4ntas komma. Dessutom \u00e4r planen att de t\u00e4vlandena ska g\u00e5 upp i ringen via ovala rummet, uppger Dana White i en intervju med <a href=\"https:\/\/www.youtube.com\/watch?v=NpC2JWQ46b8&amp;t=264s\" rel=\"nofollow noopener\" target=\"_blank\">CBS<\/a>.<\/p>\n<p><img loading=\"lazy\" decoding=\"async\" class=\"image__el\" src=\"https:\/\/www.europesays.com\/se\/wp-content\/uploads\/2026\/01\/cc25c241-c793-46b0-b41e-6426c6f4b611.jpeg\"   height=\"899\" width=\"1598\" alt=\"90.000 \u00e5sk\u00e5dare v\u00e4ntas n\u00e4rvara. Dock bara 5.000 vid oktagonen, resterande f\u00e5r f\u00f6lja t\u00e4vlingarna via sk\u00e4rm en liten bit bort. \" onerror=\"this.style.visibility='hidden'; this.classList.add('load-error')\"\/>90.000 \u00e5sk\u00e5dare v\u00e4ntas n\u00e4rvara. Dock bara 5.000 vid oktagonen, resterande f\u00e5r f\u00f6lja t\u00e4vlingarna via sk\u00e4rm en liten bit bort. <\/p>\n<p>D\u00e4rf\u00f6r f\u00e5r G7-m\u00f6tet, d\u00e4r ledare f\u00f6r v\u00e4rldens sju st\u00f6rsta ekonomier tr\u00e4ffas, flytta p\u00e5 sig, rapporterar Politico med h\u00e4nvisning till k\u00e4llor.\u00a0<\/p>\n<p>G7-gruppen<\/p>\n<p>G7 \u00e4r en informell grupp som best\u00e5r av v\u00e4rldens sju st\u00f6rsta ekonomier: Frankrike, Italien, Japan, Kanada, Storbritannien, Tyskland och USA. tidigare kallades gruppen G8, d\u00e5 Ryssland ingick. Landet utesl\u00f6ts dock 2014, efter annekteringen av Krim-halv\u00f6n.\u00a0<\/p>\n<p><strong>\u00c5rets m\u00f6te ska<\/strong> h\u00e5llas i Frankrike och enligt planen dra ig\u00e5ng samma dag som Trumps gala, allts\u00e5 den 14 juni. M\u00f6tet planeras nu att h\u00e5llas mellan 15 och 17 juni.\u00a0<\/p>\n<p>Officiellt s\u00e4ger \u00c9lys\u00e9epalatset att schema\u00e4ndringen \u00e4r ett resultat av samtal med \u00f6vriga medlemsl\u00e4nder. Talespersoner vill dock inte kommentera om det \u00e4r kopplat till Donald Trumps kampsportsgala.<\/p>\n<p><img loading=\"lazy\" decoding=\"async\" class=\"image__el\" src=\"https:\/\/www.europesays.com\/se\/wp-content\/uploads\/2026\/01\/7b363748-3f81-4fac-bae4-e66695c865e6.jpeg\"   height=\"900\" width=\"1600\" alt=\"S\u00e5 h\u00e4r kan det komma att se ut den 14 juni vid Vita huset. \" onerror=\"this.style.visibility='hidden'; this.classList.add('load-error')\"\/>S\u00e5 h\u00e4r kan det komma att se ut den 14 juni vid Vita huset. <\/p>\n","protected":false},"excerpt":{"rendered":"Den 14 juni fyller Donald Trump 80 \u00e5r, och samtidigt ska en kampsportsgala organiserad av UFC h\u00e5llas p\u00e5&hellip;\n","protected":false},"author":2,"featured_media":132412,"comment_status":"","ping_status":"","sticky":false,"template":"","format":"standard","meta":{"footnotes":""},"categories":[14],"tags":[22,23,26,27,17,21,24,25,28,29,15,16,18,34,31,33,32,30,19,20,51,52,53,54],"class_list":{"0":"post-132411","1":"post","2":"type-post","3":"status-publish","4":"format-standard","5":"has-post-thumbnail","7":"category-varlden","8":"tag-breaking-news","9":"tag-breakingnews","10":"tag-featured-news","11":"tag-featurednews","12":"tag-headlines","13":"tag-huvudnyheter","14":"tag-latest-news","15":"tag-latestnews","16":"tag-main-news","17":"tag-mainnews","18":"tag-news","19":"tag-nyheter","20":"tag-rubriker","21":"tag-se","22":"tag-svenska","23":"tag-sverige","24":"tag-sweden","25":"tag-swedish","26":"tag-top-stories","27":"tag-topstories","28":"tag-varlden","29":"tag-world","30":"tag-world-news","31":"tag-worldnews"},"share_on_mastodon":{"url":"https:\/\/pubeurope.com\/@se\/115877188905115956","error":""},"_links":{"self":[{"href":"https:\/\/www.europesays.com\/se\/wp-json\/wp\/v2\/posts\/132411","targetHints":{"allow":["GET"]}}],"collection":[{"href":"https:\/\/www.europesays.com\/se\/wp-json\/wp\/v2\/posts"}],"about":[{"href":"https:\/\/www.europesays.com\/se\/wp-json\/wp\/v2\/types\/post"}],"author":[{"embeddable":true,"href":"https:\/\/www.europesays.com\/se\/wp-json\/wp\/v2\/users\/2"}],"replies":[{"embeddable":true,"href":"https:\/\/www.europesays.com\/se\/wp-json\/wp\/v2\/comments?post=132411"}],"version-history":[{"count":0,"href":"https:\/\/www.europesays.com\/se\/wp-json\/wp\/v2\/posts\/132411\/revisions"}],"wp:featuredmedia":[{"embeddable":true,"href":"https:\/\/www.europesays.com\/se\/wp-json\/wp\/v2\/media\/132412"}],"wp:attachment":[{"href":"https:\/\/www.europesays.com\/se\/wp-json\/wp\/v2\/media?parent=132411"}],"wp:term":[{"taxonomy":"category","embeddable":true,"href":"https:\/\/www.europesays.com\/se\/wp-json\/wp\/v2\/categories?post=132411"},{"taxonomy":"post_tag","embeddable":true,"href":"https:\/\/www.europesays.com\/se\/wp-json\/wp\/v2\/tags?post=132411"}],"curies":[{"name":"wp","href":"https:\/\/api.w.org\/{rel}","templated":true}]}}