{"id":132413,"date":"2026-01-11T15:33:26","date_gmt":"2026-01-11T15:33:26","guid":{"rendered":"https:\/\/www.europesays.com\/se\/132413\/"},"modified":"2026-01-11T15:33:26","modified_gmt":"2026-01-11T15:33:26","slug":"nu-kan-du-aka-skridskor-mitt-i-stan-strengnas-tidning","status":"publish","type":"post","link":"https:\/\/www.europesays.com\/se\/132413\/","title":{"rendered":"Nu kan du \u00e5ka skridskor \u2013 mitt i stan &#8211; Strengn\u00e4s Tidning"},"content":{"rendered":"<ol>\n<li><a href=\"https:\/\/news.google.com\/rss\/articles\/CBMisAFBVV95cUxOYjVNWm9qb01OTUY4bndMS2NsTHd4dmpqejc5eldSbVJZRldkTmdsN0VBSFh1YmtSV1BOTDZMc0FwQlBERHh3cTRoejVxQmtwUm15QWJlM3R1aElEcU9Ea0xkakNFTy1xR0E2QklwVGxINW1BWXJLWE5nUkhFb1g3UzJOUGZtcGtPWXAwcml5emJfT245TUVMZ3ZmQVBMbUJkcGtKUjZDNzhuNGo5X3JPMA?oc=5\" target=\"_blank\" rel=\"nofollow noopener\">Nu kan du \u00e5ka skridskor \u2013 mitt i stan<\/a>&nbsp;&nbsp;Strengn\u00e4s Tidning<\/li>\n<li><a href=\"https:\/\/news.google.com\/rss\/articles\/CBMikgFBVV95cUxOMWs1SE1rWG0wRWFFc01kZDFoZFl0cDRvMEZ0M0RpbDNWcW1uTC1xa1dlZ0ptSWJKX1dGNVREN0pTRENld1k2bHNpUmlTLVZwbWVjUl9fbS1MNkZmLVQ2aGFpNEQwdktvM1luamRKTG1HUGdueTUwU0JlVHMtYzRJU0U1bEc4X1FZQ0FIUTZXTDk2dw?oc=5\" target=\"_blank\" rel=\"nofollow noopener\">Vinterlycka n\u00e4r Danskesj\u00f6n fryser till: \u201dDet g\u00e4ller att passa p\u00e5\u201d<\/a>&nbsp;&nbsp;HD \u2013 Nyheter Dygnet Runt<\/li>\n<li><a href=\"https:\/\/news.google.com\/rss\/articles\/CBMiiAFBVV95cUxQdmxvQV9GSkJOWFYzOVpqbGlDdV9jMUNDN1NVYzMxQ3g4ZlNaNGZxMnU0UU1SdUpkWHNmSEkyOW9yT3JwVXdDRUNTWmpuQ3ZGa0w5UUgzdDBPVE5BLTFLX3lXcDRKc0g3bjNSZXItTTcwZG8zdktmWUE1YzFLNGZiQnhDT192SjVI?oc=5\" target=\"_blank\" rel=\"nofollow noopener\">31 platser d\u00e4r du kan \u00e5ka skridskor \u2013 i nord\u00f6stra Sk\u00e5ne<\/a>&nbsp;&nbsp;Norra Sk\u00e5ne<\/li>\n<li><a href=\"https:\/\/news.google.com\/rss\/articles\/CBMivAFBVV95cUxObV9lUWRJTUFtZ0owZjMzS3FqdFFjMnJsZlpCVGl1WTVzTVAzZ2c3OVJ3Ui1IR3Jvc0EtaEVVZkx1cHdjLUNpSU11VFFjNzB5TFJyYXY5THd6b3ZLNDNXWTNNVUp1S0RHMlhQM0lKMThSeEtGdUt3VklXa3VXX0lCR2MwY0lKanU0ZW1QSS1NWDUtc2JEYWpYTFI4TlVNd1FhUlMtbzVWY2xjaHRvY2dlVVdXLUJ3Z1dMZ1JOcg?oc=5\" target=\"_blank\" rel=\"nofollow noopener\">Lista: \u00c5tta st\u00e4llen d\u00e4r du kan \u00e5ka skridskor utomhus i Trelleborgs kommun<\/a>&nbsp;&nbsp;Trelleborgs Allehanda<\/li>\n<li><a href=\"https:\/\/news.google.com\/rss\/articles\/CBMiekFVX3lxTE5leVdlQW1fVnZDdHFfcXBaZnBFcU9HcnRBazZ0MHJKcFdQaENoQ1RwNHE3TW9SWVVvRUMxajI5c0xxOE9TaUxqOXdUUnUtNDZoc0FmVl9kQ0xMVWVKZUh0bXhIUWxIcWxEb0lqU2RKMnpySlRybkhhb2dR?oc=5\" target=\"_blank\" rel=\"nofollow noopener\">M\u00e5nga spolade isbanor runtom i kommunen<\/a>&nbsp;&nbsp;\u00d6rebronyheter<\/li>\n<\/ol>\n","protected":false},"excerpt":{"rendered":"Nu kan du \u00e5ka skridskor \u2013 mitt i stan&nbsp;&nbsp;Strengn\u00e4s Tidning Vinterlycka n\u00e4r Danskesj\u00f6n fryser till: \u201dDet g\u00e4ller att&hellip;\n","protected":false},"author":2,"featured_media":132414,"comment_status":"","ping_status":"","sticky":false,"template":"","format":"standard","meta":{"footnotes":""},"categories":[12],"tags":[22,23,26,27,17,21,24,25,28,29,15,16,18,34,31,33,32,30,19,20],"class_list":{"0":"post-132413","1":"post","2":"type-post","3":"status-publish","4":"format-standard","5":"has-post-thumbnail","7":"category-sverige","8":"tag-breaking-news","9":"tag-breakingnews","10":"tag-featured-news","11":"tag-featurednews","12":"tag-headlines","13":"tag-huvudnyheter","14":"tag-latest-news","15":"tag-latestnews","16":"tag-main-news","17":"tag-mainnews","18":"tag-news","19":"tag-nyheter","20":"tag-rubriker","21":"tag-se","22":"tag-svenska","23":"tag-sverige","24":"tag-sweden","25":"tag-swedish","26":"tag-top-stories","27":"tag-topstories"},"share_on_mastodon":{"url":"https:\/\/pubeurope.com\/@se\/115877196844075168","error":""},"_links":{"self":[{"href":"https:\/\/www.europesays.com\/se\/wp-json\/wp\/v2\/posts\/132413","targetHints":{"allow":["GET"]}}],"collection":[{"href":"https:\/\/www.europesays.com\/se\/wp-json\/wp\/v2\/posts"}],"about":[{"href":"https:\/\/www.europesays.com\/se\/wp-json\/wp\/v2\/types\/post"}],"author":[{"embeddable":true,"href":"https:\/\/www.europesays.com\/se\/wp-json\/wp\/v2\/users\/2"}],"replies":[{"embeddable":true,"href":"https:\/\/www.europesays.com\/se\/wp-json\/wp\/v2\/comments?post=132413"}],"version-history":[{"count":0,"href":"https:\/\/www.europesays.com\/se\/wp-json\/wp\/v2\/posts\/132413\/revisions"}],"wp:featuredmedia":[{"embeddable":true,"href":"https:\/\/www.europesays.com\/se\/wp-json\/wp\/v2\/media\/132414"}],"wp:attachment":[{"href":"https:\/\/www.europesays.com\/se\/wp-json\/wp\/v2\/media?parent=132413"}],"wp:term":[{"taxonomy":"category","embeddable":true,"href":"https:\/\/www.europesays.com\/se\/wp-json\/wp\/v2\/categories?post=132413"},{"taxonomy":"post_tag","embeddable":true,"href":"https:\/\/www.europesays.com\/se\/wp-json\/wp\/v2\/tags?post=132413"}],"curies":[{"name":"wp","href":"https:\/\/api.w.org\/{rel}","templated":true}]}}