{"id":132417,"date":"2026-01-11T15:36:13","date_gmt":"2026-01-11T15:36:13","guid":{"rendered":"https:\/\/www.europesays.com\/se\/132417\/"},"modified":"2026-01-11T15:36:13","modified_gmt":"2026-01-11T15:36:13","slug":"svenska-herrarna-trea-i-skidskyttestafetten","status":"publish","type":"post","link":"https:\/\/www.europesays.com\/se\/132417\/","title":{"rendered":"Svenska herrarna trea i skidskyttestafetten"},"content":{"rendered":"<p>De svenska skidskytteherrarna tog en bronsplats i s\u00f6ndagens stafett i tyska Oberhof. Det svenska laget bestod av Jesper Nelin, Malte Stefansson, Martin Ponsiluoma och Sebastian Samuelsson.<\/p>\n<p>Norge vann och Frankrike kom tv\u00e5a i t\u00e4vlingen, som l\u00e4nge s\u00e5g ut att resultera i en svensk seger. Men dr\u00f6mmen krossades efter missar i det liggande skyttet, rapporterar TT.<\/p>\n<p>Omni \u00e4r politiskt obundna och oberoende. Vi str\u00e4var efter att ge fler perspektiv p\u00e5 nyheterna. Har du fr\u00e5gor eller synpunkter kring v\u00e5r rapportering? <a href=\"https:\/\/omni.se\/svenska-herrarna-trea-i-skidskyttestafetten\/a\/mailto:redaktion@omni.se\" class=\"ArticleActions_contactLink__W2F1M\" rel=\"nofollow noopener\" target=\"_blank\">Kontakta redaktionen<\/a><\/p>\n","protected":false},"excerpt":{"rendered":"De svenska skidskytteherrarna tog en bronsplats i s\u00f6ndagens stafett i tyska Oberhof. Det svenska laget bestod av Jesper&hellip;\n","protected":false},"author":2,"featured_media":132418,"comment_status":"","ping_status":"","sticky":false,"template":"","format":"standard","meta":{"footnotes":""},"categories":[68],"tags":[11839,7443,34,7444,3420,111,110,31,33,32,30],"class_list":{"0":"post-132417","1":"post","2":"type-post","3":"status-publish","4":"format-standard","5":"has-post-thumbnail","7":"category-sport","8":"tag-jesper-nelin","9":"tag-martin-ponsiluoma","10":"tag-se","11":"tag-sebastian-samuelsson","12":"tag-skidskytte","13":"tag-sport","14":"tag-sports","15":"tag-svenska","16":"tag-sverige","17":"tag-sweden","18":"tag-swedish"},"share_on_mastodon":{"url":"https:\/\/pubeurope.com\/@se\/115877208592372460","error":""},"_links":{"self":[{"href":"https:\/\/www.europesays.com\/se\/wp-json\/wp\/v2\/posts\/132417","targetHints":{"allow":["GET"]}}],"collection":[{"href":"https:\/\/www.europesays.com\/se\/wp-json\/wp\/v2\/posts"}],"about":[{"href":"https:\/\/www.europesays.com\/se\/wp-json\/wp\/v2\/types\/post"}],"author":[{"embeddable":true,"href":"https:\/\/www.europesays.com\/se\/wp-json\/wp\/v2\/users\/2"}],"replies":[{"embeddable":true,"href":"https:\/\/www.europesays.com\/se\/wp-json\/wp\/v2\/comments?post=132417"}],"version-history":[{"count":0,"href":"https:\/\/www.europesays.com\/se\/wp-json\/wp\/v2\/posts\/132417\/revisions"}],"wp:featuredmedia":[{"embeddable":true,"href":"https:\/\/www.europesays.com\/se\/wp-json\/wp\/v2\/media\/132418"}],"wp:attachment":[{"href":"https:\/\/www.europesays.com\/se\/wp-json\/wp\/v2\/media?parent=132417"}],"wp:term":[{"taxonomy":"category","embeddable":true,"href":"https:\/\/www.europesays.com\/se\/wp-json\/wp\/v2\/categories?post=132417"},{"taxonomy":"post_tag","embeddable":true,"href":"https:\/\/www.europesays.com\/se\/wp-json\/wp\/v2\/tags?post=132417"}],"curies":[{"name":"wp","href":"https:\/\/api.w.org\/{rel}","templated":true}]}}