{"id":13242,"date":"2025-08-25T11:06:10","date_gmt":"2025-08-25T11:06:10","guid":{"rendered":"https:\/\/www.europesays.com\/se\/13242\/"},"modified":"2025-08-25T11:06:10","modified_gmt":"2025-08-25T11:06:10","slug":"biltillverkare-forsiktiga-efter-lytens-kop-av-northvolt-tillgangar","status":"publish","type":"post","link":"https:\/\/www.europesays.com\/se\/13242\/","title":{"rendered":"Biltillverkare f\u00f6rsiktiga efter Lytens k\u00f6p av Northvolt-tillg\u00e5ngar"},"content":{"rendered":"<p>&#13;<br \/>\n                        Scania uppger f\u00f6r nyhetsbyr\u00e5n att det \u00e4r f\u00f6r tidigt att diskutera ordar fr\u00e5n Lyten, medan Volvo Cars valt att inte kommentera om de har lagt n\u00e5gra ordrar. BMW \u00e5 sin sida pekar p\u00e5 att aff\u00e4rer med leverant\u00f6rer har l\u00e5nga ledtider. <\/p>\n<p>Lyten planerar att kombinera Northvolts tidigare produktion av litiumjonbatterier med sin egen teknik, litium-svavelbatterier, men saknar Northvolts stora orderbok och beh\u00f6ver betydande kapital f\u00f6r att skala upp produktionen.<\/p>\n<p>Lytens litium-svavelbatterier ses som ett l\u00e4ttare och billigare alternativ med mindre beroende av kritiska r\u00e5varor fr\u00e5n Kina. Teknologin \u00e4r dock fortfarande i tidigt skede. F\u00f6retaget producerar i dagsl\u00e4get vid en pilotanl\u00e4ggning i Silicon Valley och samarbetar sedan 2023 med Stellantis. <\/p>\n<p>Lyten gick den 7 augusti ut med att de k\u00f6pte Northvolts tillg\u00e5ngar.<\/p>\n<p>I samma veva gick Lytens vd Dan Cook ut med att bolaget planerar att b\u00f6rsnotera sig i \u00e5r och att de f\u00f6r samtal med banker om en eventuell notering. Han gav d\u00e5 ingen tidsram till Bloomberg.<\/p>\n<p>Volvo Cars och Northvolt drev tidigare samriskbolaget Novo Energy inom batteriteknologi. I januari 2025 meddelade Volvo Cars att de hade f\u00f6rv\u00e4rvat Northvolts andel i Novo Energy, efter att Northvolt inte uppfyllt sina finansierings\u00e5taganden.&#13;\n                    <\/p>\n","protected":false},"excerpt":{"rendered":"&#13; Scania uppger f\u00f6r nyhetsbyr\u00e5n att det \u00e4r f\u00f6r tidigt att diskutera ordar fr\u00e5n Lyten, medan Volvo Cars&hellip;\n","protected":false},"author":2,"featured_media":13243,"comment_status":"","ping_status":"","sticky":false,"template":"","format":"standard","meta":{"footnotes":""},"categories":[65],"tags":[72,70,71,454,453,451,452,34,31,33,32,30,455],"class_list":{"0":"post-13242","1":"post","2":"type-post","3":"status-publish","4":"format-standard","5":"has-post-thumbnail","7":"category-ekonomi","8":"tag-business","9":"tag-economy","10":"tag-ekonomi","11":"tag-ekonomisk-analys","12":"tag-finans","13":"tag-finansiella-nyheter","14":"tag-investera","15":"tag-se","16":"tag-svenska","17":"tag-sverige","18":"tag-sweden","19":"tag-swedish","20":"tag-trading"},"share_on_mastodon":{"url":"","error":""},"_links":{"self":[{"href":"https:\/\/www.europesays.com\/se\/wp-json\/wp\/v2\/posts\/13242","targetHints":{"allow":["GET"]}}],"collection":[{"href":"https:\/\/www.europesays.com\/se\/wp-json\/wp\/v2\/posts"}],"about":[{"href":"https:\/\/www.europesays.com\/se\/wp-json\/wp\/v2\/types\/post"}],"author":[{"embeddable":true,"href":"https:\/\/www.europesays.com\/se\/wp-json\/wp\/v2\/users\/2"}],"replies":[{"embeddable":true,"href":"https:\/\/www.europesays.com\/se\/wp-json\/wp\/v2\/comments?post=13242"}],"version-history":[{"count":0,"href":"https:\/\/www.europesays.com\/se\/wp-json\/wp\/v2\/posts\/13242\/revisions"}],"wp:featuredmedia":[{"embeddable":true,"href":"https:\/\/www.europesays.com\/se\/wp-json\/wp\/v2\/media\/13243"}],"wp:attachment":[{"href":"https:\/\/www.europesays.com\/se\/wp-json\/wp\/v2\/media?parent=13242"}],"wp:term":[{"taxonomy":"category","embeddable":true,"href":"https:\/\/www.europesays.com\/se\/wp-json\/wp\/v2\/categories?post=13242"},{"taxonomy":"post_tag","embeddable":true,"href":"https:\/\/www.europesays.com\/se\/wp-json\/wp\/v2\/tags?post=13242"}],"curies":[{"name":"wp","href":"https:\/\/api.w.org\/{rel}","templated":true}]}}