{"id":132421,"date":"2026-01-11T15:41:48","date_gmt":"2026-01-11T15:41:48","guid":{"rendered":"https:\/\/www.europesays.com\/se\/132421\/"},"modified":"2026-01-11T15:41:48","modified_gmt":"2026-01-11T15:41:48","slug":"attacken-kan-ha-fangats-pa-overvakningsfilm","status":"publish","type":"post","link":"https:\/\/www.europesays.com\/se\/132421\/","title":{"rendered":"Attacken kan ha f\u00e5ngats p\u00e5 \u00f6vervakningsfilm"},"content":{"rendered":"<p>En \u00f6vervakningskamera finns riktad mot den plats i R\u00f6nninge d\u00e4r Vilma Andersson gick till attack mot den m\u00f6rdade kvinnan, skriver Expressen som tagit del av nya detaljer fr\u00e5n utredningen. Det r\u00f6r sig om en plats d\u00e4r han ska ha stoppat kvinnan med sin bil genom att blockera trottoaren. <\/p>\n<p>Ett vittne som befann sig i omr\u00e5det ska ha h\u00f6rt n\u00e5gon typ av skrik, och en annan person reagerade p\u00e5 en bil som k\u00f6rdes p\u00e5 ett udda s\u00e4tt. Vilma Andersson tros ha l\u00e4mnat sin telefon hemma, vilket enligt tidningen kan tyda p\u00e5 att han inte ville l\u00e4mna n\u00e5gra digitala sp\u00e5r. <\/p>\n<p>Omni \u00e4r politiskt obundna och oberoende. Vi str\u00e4var efter att ge fler perspektiv p\u00e5 nyheterna. Har du fr\u00e5gor eller synpunkter kring v\u00e5r rapportering? <a href=\"https:\/\/omni.se\/attacken-kan-ha-fangats-pa-overvakningsfilm\/a\/mailto:redaktion@omni.se\" class=\"ArticleActions_contactLink__W2F1M\" rel=\"nofollow noopener\" target=\"_blank\">Kontakta redaktionen<\/a><\/p>\n","protected":false},"excerpt":{"rendered":"En \u00f6vervakningskamera finns riktad mot den plats i R\u00f6nninge d\u00e4r Vilma Andersson gick till attack mot den m\u00f6rdade&hellip;\n","protected":false},"author":2,"featured_media":132422,"comment_status":"","ping_status":"","sticky":false,"template":"","format":"standard","meta":{"footnotes":""},"categories":[12],"tags":[22,23,128,1149,26,27,17,21,24,25,28,29,15,16,18,34,127,31,33,32,30,19,20],"class_list":{"0":"post-132421","1":"post","2":"type-post","3":"status-publish","4":"format-standard","5":"has-post-thumbnail","7":"category-sverige","8":"tag-breaking-news","9":"tag-breakingnews","10":"tag-brott","11":"tag-faktaruta-omni","12":"tag-featured-news","13":"tag-featurednews","14":"tag-headlines","15":"tag-huvudnyheter","16":"tag-latest-news","17":"tag-latestnews","18":"tag-main-news","19":"tag-mainnews","20":"tag-news","21":"tag-nyheter","22":"tag-rubriker","23":"tag-se","24":"tag-stockholms-lan","25":"tag-svenska","26":"tag-sverige","27":"tag-sweden","28":"tag-swedish","29":"tag-top-stories","30":"tag-topstories"},"share_on_mastodon":{"url":"https:\/\/pubeurope.com\/@se\/115877232149485766","error":""},"_links":{"self":[{"href":"https:\/\/www.europesays.com\/se\/wp-json\/wp\/v2\/posts\/132421","targetHints":{"allow":["GET"]}}],"collection":[{"href":"https:\/\/www.europesays.com\/se\/wp-json\/wp\/v2\/posts"}],"about":[{"href":"https:\/\/www.europesays.com\/se\/wp-json\/wp\/v2\/types\/post"}],"author":[{"embeddable":true,"href":"https:\/\/www.europesays.com\/se\/wp-json\/wp\/v2\/users\/2"}],"replies":[{"embeddable":true,"href":"https:\/\/www.europesays.com\/se\/wp-json\/wp\/v2\/comments?post=132421"}],"version-history":[{"count":0,"href":"https:\/\/www.europesays.com\/se\/wp-json\/wp\/v2\/posts\/132421\/revisions"}],"wp:featuredmedia":[{"embeddable":true,"href":"https:\/\/www.europesays.com\/se\/wp-json\/wp\/v2\/media\/132422"}],"wp:attachment":[{"href":"https:\/\/www.europesays.com\/se\/wp-json\/wp\/v2\/media?parent=132421"}],"wp:term":[{"taxonomy":"category","embeddable":true,"href":"https:\/\/www.europesays.com\/se\/wp-json\/wp\/v2\/categories?post=132421"},{"taxonomy":"post_tag","embeddable":true,"href":"https:\/\/www.europesays.com\/se\/wp-json\/wp\/v2\/tags?post=132421"}],"curies":[{"name":"wp","href":"https:\/\/api.w.org\/{rel}","templated":true}]}}