{"id":132423,"date":"2026-01-11T15:42:20","date_gmt":"2026-01-11T15:42:20","guid":{"rendered":"https:\/\/www.europesays.com\/se\/132423\/"},"modified":"2026-01-11T15:42:20","modified_gmt":"2026-01-11T15:42:20","slug":"syrien-massflykt-efter-blodiga-strider","status":"publish","type":"post","link":"https:\/\/www.europesays.com\/se\/132423\/","title":{"rendered":"Syrien: Massflykt efter blodiga strider"},"content":{"rendered":"<p><a data-test-tag=\"internal-link\" href=\"https:\/\/www.aftonbladet.se\/av\/nora-fernstedt\" class=\"hyperion-css-13ns1rr\" rel=\"nofollow noopener\" target=\"\" aria-label=\"Se alla artiklar av Nora Fernstedt\"><img decoding=\"async\" class=\"image-asset hyperion-css-n6kkq1\" data-test-tag=\"image-asset\" src=\"https:\/\/www.europesays.com\/se\/wp-content\/uploads\/2026\/01\/1768146137_270_4898f780-21e5-4fc9-aaf6-8b2690fbf32e.png\"  alt=\"\"  loading=\"lazy\" fetchpriority=\"auto\" style=\"aspect-ratio:1900 \/ 1900\"\/><\/a><\/p>\n<p class=\"boxtextgrotesk-root_baa6 hyperion-css-7pajle\">Publicerad 2026-01-10 21.58<\/p>\n<p>share-arrowDela<\/p>\n<p>unsaveSpara<\/p>\n<p>expand-left<\/p>\n<p>helsk\u00e4rm<img decoding=\"async\" class=\"image-asset hyperion-css-u06ts1\" data-test-tag=\"image-asset\" src=\"https:\/\/www.europesays.com\/se\/wp-content\/uploads\/2026\/01\/1fdbde27-82a3-4f7c-9fa7-0f0f1956327d.jpeg\"  alt=\"Civila l\u00e4mnar bostadskvarter i Aleppo till fots.\"  loading=\"eager\" fetchpriority=\"high\" style=\"aspect-ratio:1900 \/ 1267\"\/>Civila l\u00e4mnar bostadskvarter i Aleppo till fots. Foto: Omar Albam \/ AP<\/p>\n<p class=\"hyperion-css-1shl3oz\" data-test-tag=\"lead-text\">I flera dagar har d\u00f6dliga strider p\u00e5g\u00e5tt i Aleppo.<\/p>\n<p class=\"hyperion-css-1shl3oz\" data-test-tag=\"lead-text\">\u2013 Djupt oroande, s\u00e4ger USA:s s\u00e4rskilda s\u00e4ndebud Tom Barrack.<\/p>\n<p class=\"hyperion-css-1shl3oz\" data-test-tag=\"lead-text\">Samtidigt har \u00f6ver 155\u00a0000 personer flytt sina hem.<\/p>\n<p class=\"hyperion-css-1v9qo5x\">Det var i tisdags som <a data-test-tag=\"internal-link\" href=\"https:\/\/www.aftonbladet.se\/tagg\/syrien\" class=\"hyperion-css-15jkft9\" rel=\"nofollow noopener\" target=\"\" aria-label=\"Syriens\">Syriens<\/a> milit\u00e4r b\u00f6rjade attackera kurdiska styrkor i <a data-test-tag=\"internal-link\" href=\"https:\/\/www.aftonbladet.se\/tagg\/aleppo\" class=\"hyperion-css-15jkft9\" rel=\"nofollow noopener\" target=\"\" aria-label=\"Aleppo\">Aleppo<\/a>.<\/p>\n<p class=\"hyperion-css-1v9qo5x\">Sedan dess har blodiga strider p\u00e5g\u00e5tt mellan milit\u00e4ren och de kurdiska styrkorna SDF \u2013 med undantag f\u00f6r fredagen, d\u00e5 man hade ett tillf\u00e4lligt eldupph\u00f6r.<\/p>\n<p class=\"hyperion-css-1v9qo5x\">Enligt avtalet bakom eldupph\u00f6ret skulle de kurdiska styrkorna l\u00e4mna sitt sista f\u00e4ste i omr\u00e5det Sheikh Makqsoud. Men s\u00e5 blev det inte, och d\u00e5 meddelade syriska arm\u00e9n att man skulle inleda en markoperation f\u00f6r att driva bort SDF.<\/p>\n<p>expand-left<\/p>\n<p>helsk\u00e4rm<img decoding=\"async\" class=\"image-asset hyperion-css-u06ts1\" data-test-tag=\"image-asset\" src=\"https:\/\/www.europesays.com\/se\/wp-content\/uploads\/2026\/01\/7b3ca1ce-c6e0-4d25-938c-7654da46555a.jpeg\"  alt=\"Syriska s\u00e4kerhetsstyrkor.\"  loading=\"eager\" fetchpriority=\"high\" style=\"aspect-ratio:1900 \/ 1267\"\/>Syriska s\u00e4kerhetsstyrkor. Foto: Ghaith Alsayed \/ APMinst 23 d\u00f6da<\/p>\n<p class=\"hyperion-css-1v9qo5x\">P\u00e5 l\u00f6rdagen hade striderna avtagit. Enligt <a aria-label=\"Al Jazeeras \" class=\"default hyperion-css-15jkft9\" href=\"https:\/\/www.aljazeera.com\/news\/liveblog\/2026\/1\/10\/syria-live-fighting-resumes-in-aleppo-after-ceasefire-collapses\" rel=\"noopener nofollow noreferrer\" data-test-tag=\"external-link\" target=\"_blank\">Al Jazeeras <\/a>reporter p\u00e5 plats i Aleppo genomf\u00f6r syriska milit\u00e4ren dock fortfarande razzior i det kurddominerade omr\u00e5det Sheikh Maqsoud.<\/p>\n<p class=\"hyperion-css-1v9qo5x\">P\u00e5 l\u00f6rdagskv\u00e4llen uppgav Syriens inrikesdepartement att milit\u00e4ren var n\u00e4ra full kontroll \u00f6ver Sheikh Maqsoud. Men kurdiska styrkor f\u00f6rnekar det i ett uttalande.<\/p>\n<p class=\"hyperion-css-1v9qo5x\">Sedan striderna b\u00f6rjade har minst 23 personer d\u00f6tt, inklusive civila, enligt det syriska h\u00e4lsoministeriet.<\/p>\n<p>chevron-leftf\u00f6reg\u00e5ende<\/p>\n<ul class=\"carousel-container-viewport\" style=\"transform:translate3d(0%, 0, 0)\">\n<li class=\"carousel-slide\" style=\"z-index:1;filter:none(1);padding-bottom:66.68421%\"><img decoding=\"async\" class=\"image-asset hyperion-css-u06ts1\" data-test-tag=\"image-asset\" src=\"https:\/\/www.europesays.com\/se\/wp-content\/uploads\/2026\/01\/20e18620-fd86-42c2-9072-78d89c271bc5.jpeg\"  alt=\"\"  fetchpriority=\"auto\" style=\"aspect-ratio:1900 \/ 1267\"\/><\/li>\n<li class=\"carousel-slide\" style=\"filter:none(0.3);padding-bottom:66.68421%\"><img decoding=\"async\" class=\"image-asset hyperion-css-u06ts1\" data-test-tag=\"image-asset\" src=\"https:\/\/www.europesays.com\/se\/wp-content\/uploads\/2026\/01\/114197f7-5de0-49e4-bc45-897eeb5f7cc3.jpeg\"  alt=\"\"  fetchpriority=\"auto\" style=\"aspect-ratio:1900 \/ 1267\"\/><\/li>\n<\/ul>\n<p>expand-left<\/p>\n<p>helsk\u00e4rmchevron-rightn\u00e4staKvinna och barn ombord p\u00e5 en buss som l\u00e4mnar omr\u00e5det.<\/p>\n<p>1 \/ 2Foto: Ghaith Alsayed \/ AP<\/p>\n<p>Str\u00f6mmar ut ur staden<\/p>\n<p class=\"hyperion-css-1v9qo5x\">Under l\u00f6rdagen har <a aria-label=\"Reuters\" class=\"default hyperion-css-15jkft9\" href=\"https:\/\/www.reuters.com\/world\/middle-east\/syrian-army-says-it-finished-combing-through-aleppo-neighbourhood-signalling-2026-01-10\/\" rel=\"noopener nofollow noreferrer\" data-test-tag=\"external-link\" target=\"_blank\">Reuters<\/a> reportrar vittnat om hur dussintals m\u00e4n, kvinnor och barn str\u00f6mmat ut ur omr\u00e5det till fots.<\/p>\n<p class=\"hyperion-css-1v9qo5x\">Syriska trupper ska d\u00e4refter ha satt dem p\u00e5 bussar och uppgav att de skulle f\u00f6ras till evakuerings- och f\u00f6rl\u00e4ggningscentrum. <\/p>\n<p class=\"hyperion-css-1v9qo5x\">Samtidigt bevittnade reportrarna hur milit\u00e4ren satte ett hundratal m\u00e4n i civila kl\u00e4der p\u00e5 bussar. Enligt milit\u00e4ren var de medlemmar av de kurdiska styrkorna som kapitulerat. N\u00e5got som f\u00f6rnekas av de kurdiska styrkorna.<\/p>\n<p class=\"hyperion-css-1v9qo5x\">\u00d6ver 155\u00a0000 personer har tvingats p\u00e5 flykt efter striderna i veckan, enligt Aleppos guvern\u00f6r Azzam al-Gharib.<\/p>\n<p>expand-left<\/p>\n<p>helsk\u00e4rm<img decoding=\"async\" class=\"image-asset hyperion-css-u06ts1\" data-test-tag=\"image-asset\" src=\"https:\/\/www.europesays.com\/se\/wp-content\/uploads\/2026\/01\/bddc1795-856d-4d34-a0c7-253b0084ada6.jpeg\"  alt=\"Kurdiska styrkor uppges ha kapitulerat och f\u00f6rs bort i bussar.\"  loading=\"eager\" fetchpriority=\"high\" style=\"aspect-ratio:1900 \/ 1267\"\/>Kurdiska styrkor uppges ha kapitulerat och f\u00f6rs bort i bussar. Foto: Omar Albam \/ AP\u201dDjupt oroande\u201d<\/p>\n<p class=\"hyperion-css-1v9qo5x\">Tom Barrack, USA:s s\u00e4rskilda s\u00e4ndebud i Syrien, s\u00e4ger att de senaste sammandrabbningarna i Aleppo \u00e4r \u201ddjupt oroande\u201d, och att de \u00e4ventyrar det avtal som sl\u00f6ts mellan Damaskus och det kurdiska sj\u00e4lvstyret i mars 2025.<\/p>\n<p class=\"hyperion-css-1v9qo5x\">Han uppmanade b\u00e5da parterna till \u00e5terh\u00e5llsamhet och sa \u00e4ven att USA \u00e4r redo att hj\u00e4lpa till i kommunikationen mellan landets styre och SDF.<\/p>\n<p class=\"hyperion-css-1v9qo5x\">Syriens nya styre kom till makten efter diktatorn Bashar al-Assads fall i slutet av 2024. Enligt avtalet i mars skulle SDF-styrkorna g\u00e5 samman med milit\u00e4ren i slutet av 2025. Men f\u00f6rhandlingarna mellan grupperna har hamnat i ett d\u00f6dl\u00e4ge.<\/p>\n<p>expand-left<\/p>\n<p>helsk\u00e4rm<img decoding=\"async\" class=\"image-asset hyperion-css-u06ts1\" data-test-tag=\"image-asset\" src=\"https:\/\/www.europesays.com\/se\/wp-content\/uploads\/2026\/01\/b7fe5054-5839-4317-bd6d-1462ec2e2185.jpeg\"  alt=\"Striderna i Aleppo blossade upp i tisdags.\"  loading=\"eager\" fetchpriority=\"high\" style=\"aspect-ratio:1900 \/ 1425\"\/>Striderna i Aleppo blossade upp i tisdags. Foto: Omar Albam \/ AP<\/p>\n","protected":false},"excerpt":{"rendered":"Publicerad 2026-01-10 21.58 share-arrowDela unsaveSpara expand-left helsk\u00e4rmCivila l\u00e4mnar bostadskvarter i Aleppo till fots. Foto: Omar Albam \/ AP&hellip;\n","protected":false},"author":2,"featured_media":132424,"comment_status":"","ping_status":"","sticky":false,"template":"","format":"standard","meta":{"footnotes":""},"categories":[5],"tags":[22,23,26,27,17,21,24,25,28,29,15,16,18,34,31,33,32,30,19,20],"class_list":{"0":"post-132423","1":"post","2":"type-post","3":"status-publish","4":"format-standard","5":"has-post-thumbnail","7":"category-rubriker","8":"tag-breaking-news","9":"tag-breakingnews","10":"tag-featured-news","11":"tag-featurednews","12":"tag-headlines","13":"tag-huvudnyheter","14":"tag-latest-news","15":"tag-latestnews","16":"tag-main-news","17":"tag-mainnews","18":"tag-news","19":"tag-nyheter","20":"tag-rubriker","21":"tag-se","22":"tag-svenska","23":"tag-sverige","24":"tag-sweden","25":"tag-swedish","26":"tag-top-stories","27":"tag-topstories"},"share_on_mastodon":{"url":"https:\/\/pubeurope.com\/@se\/115877232278442261","error":""},"_links":{"self":[{"href":"https:\/\/www.europesays.com\/se\/wp-json\/wp\/v2\/posts\/132423","targetHints":{"allow":["GET"]}}],"collection":[{"href":"https:\/\/www.europesays.com\/se\/wp-json\/wp\/v2\/posts"}],"about":[{"href":"https:\/\/www.europesays.com\/se\/wp-json\/wp\/v2\/types\/post"}],"author":[{"embeddable":true,"href":"https:\/\/www.europesays.com\/se\/wp-json\/wp\/v2\/users\/2"}],"replies":[{"embeddable":true,"href":"https:\/\/www.europesays.com\/se\/wp-json\/wp\/v2\/comments?post=132423"}],"version-history":[{"count":0,"href":"https:\/\/www.europesays.com\/se\/wp-json\/wp\/v2\/posts\/132423\/revisions"}],"wp:featuredmedia":[{"embeddable":true,"href":"https:\/\/www.europesays.com\/se\/wp-json\/wp\/v2\/media\/132424"}],"wp:attachment":[{"href":"https:\/\/www.europesays.com\/se\/wp-json\/wp\/v2\/media?parent=132423"}],"wp:term":[{"taxonomy":"category","embeddable":true,"href":"https:\/\/www.europesays.com\/se\/wp-json\/wp\/v2\/categories?post=132423"},{"taxonomy":"post_tag","embeddable":true,"href":"https:\/\/www.europesays.com\/se\/wp-json\/wp\/v2\/tags?post=132423"}],"curies":[{"name":"wp","href":"https:\/\/api.w.org\/{rel}","templated":true}]}}