{"id":132427,"date":"2026-01-11T15:45:06","date_gmt":"2026-01-11T15:45:06","guid":{"rendered":"https:\/\/www.europesays.com\/se\/132427\/"},"modified":"2026-01-11T15:45:06","modified_gmt":"2026-01-11T15:45:06","slug":"gronvall-canceropererad-oerhort-tufft-att-vanta","status":"publish","type":"post","link":"https:\/\/www.europesays.com\/se\/132427\/","title":{"rendered":"Gr\u00f6nvall canceropererad: \u201dOerh\u00f6rt tufft att v\u00e4nta\u201d"},"content":{"rendered":"<p>Cancersjuka Nanne Gr\u00f6nvall har opererat bort sitt ena br\u00f6st, skriver artisten i ett inl\u00e4gg p\u00e5 Facebook. 63-\u00e5ringen skriver att hon om n\u00e5gra veckor f\u00e5r besked om huruvida cancern har spridit sig eller ej, och om hon beh\u00f6ver cellgiftsbehandling.<\/p>\n<p>I ett meddelande till Expressen s\u00e4ger hon att det \u00e4r \u201doerh\u00f6rt tufft\u201d att beh\u00f6va v\u00e4nta p\u00e5 besked. <\/p>\n<p>\u201d\u00c4ven om det naturligtvis \u00e4r tungt nu med en period av ovisshet s\u00e5 finns hoppet inombords att allt blir bra igen.\u201d<\/p>\n<p>Gr\u00f6nvall fick cancer f\u00f6r 20 \u00e5r sedan men friskf\u00f6rklarades tio \u00e5r senare. Under h\u00f6sten fick hon veta att cancern var tillbaka. <\/p>\n<p>Omni \u00e4r politiskt obundna och oberoende. Vi str\u00e4var efter att ge fler perspektiv p\u00e5 nyheterna. Har du fr\u00e5gor eller synpunkter kring v\u00e5r rapportering? <a href=\"https:\/\/omni.se\/gronvall-canceropererad-oerhort-tufft-att-vanta\/a\/mailto:redaktion@omni.se\" class=\"ArticleActions_contactLink__W2F1M\" rel=\"nofollow noopener\" target=\"_blank\">Kontakta redaktionen<\/a><\/p>\n","protected":false},"excerpt":{"rendered":"Cancersjuka Nanne Gr\u00f6nvall har opererat bort sitt ena br\u00f6st, skriver artisten i ett inl\u00e4gg p\u00e5 Facebook. 63-\u00e5ringen skriver&hellip;\n","protected":false},"author":2,"featured_media":132428,"comment_status":"","ping_status":"","sticky":false,"template":"","format":"standard","meta":{"footnotes":""},"categories":[67],"tags":[104,172,13498,34,31,33,32,30,105],"class_list":{"0":"post-132427","1":"post","2":"type-post","3":"status-publish","4":"format-standard","5":"has-post-thumbnail","7":"category-underhallning","8":"tag-entertainment","9":"tag-musik","10":"tag-nanne-gronvall","11":"tag-se","12":"tag-svenska","13":"tag-sverige","14":"tag-sweden","15":"tag-swedish","16":"tag-underhallning"},"share_on_mastodon":{"url":"https:\/\/pubeurope.com\/@se\/115877243960582451","error":""},"_links":{"self":[{"href":"https:\/\/www.europesays.com\/se\/wp-json\/wp\/v2\/posts\/132427","targetHints":{"allow":["GET"]}}],"collection":[{"href":"https:\/\/www.europesays.com\/se\/wp-json\/wp\/v2\/posts"}],"about":[{"href":"https:\/\/www.europesays.com\/se\/wp-json\/wp\/v2\/types\/post"}],"author":[{"embeddable":true,"href":"https:\/\/www.europesays.com\/se\/wp-json\/wp\/v2\/users\/2"}],"replies":[{"embeddable":true,"href":"https:\/\/www.europesays.com\/se\/wp-json\/wp\/v2\/comments?post=132427"}],"version-history":[{"count":0,"href":"https:\/\/www.europesays.com\/se\/wp-json\/wp\/v2\/posts\/132427\/revisions"}],"wp:featuredmedia":[{"embeddable":true,"href":"https:\/\/www.europesays.com\/se\/wp-json\/wp\/v2\/media\/132428"}],"wp:attachment":[{"href":"https:\/\/www.europesays.com\/se\/wp-json\/wp\/v2\/media?parent=132427"}],"wp:term":[{"taxonomy":"category","embeddable":true,"href":"https:\/\/www.europesays.com\/se\/wp-json\/wp\/v2\/categories?post=132427"},{"taxonomy":"post_tag","embeddable":true,"href":"https:\/\/www.europesays.com\/se\/wp-json\/wp\/v2\/tags?post=132427"}],"curies":[{"name":"wp","href":"https:\/\/api.w.org\/{rel}","templated":true}]}}