{"id":132431,"date":"2026-01-11T15:49:14","date_gmt":"2026-01-11T15:49:14","guid":{"rendered":"https:\/\/www.europesays.com\/se\/132431\/"},"modified":"2026-01-11T15:49:14","modified_gmt":"2026-01-11T15:49:14","slug":"formagan-i-det-civila-forsvaret-fortsatter-att-oka","status":"publish","type":"post","link":"https:\/\/www.europesays.com\/se\/132431\/","title":{"rendered":"F\u00f6rm\u00e5gan i det civila f\u00f6rsvaret forts\u00e4tter att \u00f6ka"},"content":{"rendered":"<p>&#13;<br \/>\nDet civila f\u00f6rsvaret har fortsatt att utvecklas i en positiv riktning under 2025. Det visar den senaste bed\u00f6mningen som Myndigheten f\u00f6r civilt f\u00f6rsvar har gjort p\u00e5 uppdrag av regeringen.<\/p>\n<p>\u2013 Sedan regeringen tilltr\u00e4dde s\u00e5 har det civila f\u00f6rsvaret g\u00e5tt fr\u00e5n att vara en sidouppgift till en av v\u00e5ra h\u00f6gst prioriterade uppgifter, f\u00f6r att det ytterst handlar om Sveriges och svenska folkets s\u00e4kerhet. Mycket \u00e5terst\u00e5r att g\u00f6ra men den f\u00f6rm\u00e5ge\u00f6kning som vi ser, f\u00f6r andra \u00e5ret i rad, \u00e4r ett tydligt kvitto p\u00e5 att vi \u00e4r p\u00e5 v\u00e4g i r\u00e4tt riktning, s\u00e4ger Carl-Oskar Bohlin, minister f\u00f6r civilt f\u00f6rsvar.<\/p>\n<p>Under 2025 s\u00e5 vidtogs flera f\u00f6rm\u00e5geh\u00f6jande \u00e5tg\u00e4rder, vilket sammantaget har bidragit till en positiv utveckling. Myndigheten f\u00f6r civilt f\u00f6rsvar bed\u00f6mer att arbetet g\u00e5r fram\u00e5t inom samtliga beredskapssektorer och civilomr\u00e5den. Vidare ser myndigheten att de \u00e5tg\u00e4rder som har genomf\u00f6rts tenderar att vara mer system\u00f6vergripande och av st\u00f6rre dignitet \u00e4n tidigare. Det \u00e4r ocks\u00e5 positivt att f\u00f6rm\u00e5gan till akt\u00f6rsgemensam hantering av hybridincidenter har utvecklats under 2025 samt att n\u00e4ringslivet i en \u00f6kad omfattning har engagerats och aktivt deltagit i utvecklingen av det civila f\u00f6rsvaret.<\/p>\n<p>Samverkan mellan offentliga och privata akt\u00f6rer har utvecklats och samarbetet mellan civila akt\u00f6rer och F\u00f6rsvarsmakten har intensifierats. \u00c4ven samarbetet mellan de nordiska l\u00e4nderna har f\u00f6rdjupats och en tendens som kan sk\u00f6njas \u00e4r att fler konkreta f\u00f6rm\u00e5geh\u00f6jande \u00e5tg\u00e4rder genomf\u00f6rs tillsammans inom Norden.<\/p>\n","protected":false},"excerpt":{"rendered":"&#13; Det civila f\u00f6rsvaret har fortsatt att utvecklas i en positiv riktning under 2025. Det visar den senaste&hellip;\n","protected":false},"author":2,"featured_media":67452,"comment_status":"","ping_status":"","sticky":false,"template":"","format":"standard","meta":{"footnotes":""},"categories":[12],"tags":[22,23,26,27,17,21,24,25,28,29,15,16,18,34,31,33,32,30,19,20],"class_list":{"0":"post-132431","1":"post","2":"type-post","3":"status-publish","4":"format-standard","5":"has-post-thumbnail","7":"category-sverige","8":"tag-breaking-news","9":"tag-breakingnews","10":"tag-featured-news","11":"tag-featurednews","12":"tag-headlines","13":"tag-huvudnyheter","14":"tag-latest-news","15":"tag-latestnews","16":"tag-main-news","17":"tag-mainnews","18":"tag-news","19":"tag-nyheter","20":"tag-rubriker","21":"tag-se","22":"tag-svenska","23":"tag-sverige","24":"tag-sweden","25":"tag-swedish","26":"tag-top-stories","27":"tag-topstories"},"share_on_mastodon":{"url":"https:\/\/pubeurope.com\/@se\/115877259669191734","error":""},"_links":{"self":[{"href":"https:\/\/www.europesays.com\/se\/wp-json\/wp\/v2\/posts\/132431","targetHints":{"allow":["GET"]}}],"collection":[{"href":"https:\/\/www.europesays.com\/se\/wp-json\/wp\/v2\/posts"}],"about":[{"href":"https:\/\/www.europesays.com\/se\/wp-json\/wp\/v2\/types\/post"}],"author":[{"embeddable":true,"href":"https:\/\/www.europesays.com\/se\/wp-json\/wp\/v2\/users\/2"}],"replies":[{"embeddable":true,"href":"https:\/\/www.europesays.com\/se\/wp-json\/wp\/v2\/comments?post=132431"}],"version-history":[{"count":0,"href":"https:\/\/www.europesays.com\/se\/wp-json\/wp\/v2\/posts\/132431\/revisions"}],"wp:featuredmedia":[{"embeddable":true,"href":"https:\/\/www.europesays.com\/se\/wp-json\/wp\/v2\/media\/67452"}],"wp:attachment":[{"href":"https:\/\/www.europesays.com\/se\/wp-json\/wp\/v2\/media?parent=132431"}],"wp:term":[{"taxonomy":"category","embeddable":true,"href":"https:\/\/www.europesays.com\/se\/wp-json\/wp\/v2\/categories?post=132431"},{"taxonomy":"post_tag","embeddable":true,"href":"https:\/\/www.europesays.com\/se\/wp-json\/wp\/v2\/tags?post=132431"}],"curies":[{"name":"wp","href":"https:\/\/api.w.org\/{rel}","templated":true}]}}