{"id":132432,"date":"2026-01-11T15:50:11","date_gmt":"2026-01-11T15:50:11","guid":{"rendered":"https:\/\/www.europesays.com\/se\/132432\/"},"modified":"2026-01-11T15:50:11","modified_gmt":"2026-01-11T15:50:11","slug":"stall-dina-fragor-om-demonstrationerna-i-iran","status":"publish","type":"post","link":"https:\/\/www.europesays.com\/se\/132432\/","title":{"rendered":"St\u00e4ll dina fr\u00e5gor om demonstrationerna i Iran"},"content":{"rendered":"<p>Demonstrationerna i Iran forts\u00e4tter med of\u00f6rminskad styrka \u2013 samtidigt h\u00f6jer regimen tonl\u00e4get mot USA.<\/p>\n<p>St\u00e4ll dina fr\u00e5gor om protesterna i Iran till SVT:s Mellan\u00f6sternkorrespondent Gilda Hamidi-Nia och USA-korrespondent Carl Fridh Kleberg.<\/p>\n<p>I en s\u00e4ndning med start 18.15 svarar \u00e4ven Alexander Atarodi, Mellan\u00f6sternexpert, p\u00e5 fr\u00e5gor om utvecklingen.<\/p>\n<p><strong>Chatten startar 17.13, men skicka in din fr\u00e5ga redan nu. <\/strong><\/p>\n","protected":false},"excerpt":{"rendered":"Demonstrationerna i Iran forts\u00e4tter med of\u00f6rminskad styrka \u2013 samtidigt h\u00f6jer regimen tonl\u00e4get mot USA. St\u00e4ll dina fr\u00e5gor om&hellip;\n","protected":false},"author":2,"featured_media":132433,"comment_status":"","ping_status":"","sticky":false,"template":"","format":"standard","meta":{"footnotes":""},"categories":[5],"tags":[22,23,26,27,17,21,24,25,28,29,15,16,18,34,31,33,32,30,19,20],"class_list":{"0":"post-132432","1":"post","2":"type-post","3":"status-publish","4":"format-standard","5":"has-post-thumbnail","7":"category-rubriker","8":"tag-breaking-news","9":"tag-breakingnews","10":"tag-featured-news","11":"tag-featurednews","12":"tag-headlines","13":"tag-huvudnyheter","14":"tag-latest-news","15":"tag-latestnews","16":"tag-main-news","17":"tag-mainnews","18":"tag-news","19":"tag-nyheter","20":"tag-rubriker","21":"tag-se","22":"tag-svenska","23":"tag-sverige","24":"tag-sweden","25":"tag-swedish","26":"tag-top-stories","27":"tag-topstories"},"share_on_mastodon":{"url":"https:\/\/pubeurope.com\/@se\/115877263612437311","error":""},"_links":{"self":[{"href":"https:\/\/www.europesays.com\/se\/wp-json\/wp\/v2\/posts\/132432","targetHints":{"allow":["GET"]}}],"collection":[{"href":"https:\/\/www.europesays.com\/se\/wp-json\/wp\/v2\/posts"}],"about":[{"href":"https:\/\/www.europesays.com\/se\/wp-json\/wp\/v2\/types\/post"}],"author":[{"embeddable":true,"href":"https:\/\/www.europesays.com\/se\/wp-json\/wp\/v2\/users\/2"}],"replies":[{"embeddable":true,"href":"https:\/\/www.europesays.com\/se\/wp-json\/wp\/v2\/comments?post=132432"}],"version-history":[{"count":0,"href":"https:\/\/www.europesays.com\/se\/wp-json\/wp\/v2\/posts\/132432\/revisions"}],"wp:featuredmedia":[{"embeddable":true,"href":"https:\/\/www.europesays.com\/se\/wp-json\/wp\/v2\/media\/132433"}],"wp:attachment":[{"href":"https:\/\/www.europesays.com\/se\/wp-json\/wp\/v2\/media?parent=132432"}],"wp:term":[{"taxonomy":"category","embeddable":true,"href":"https:\/\/www.europesays.com\/se\/wp-json\/wp\/v2\/categories?post=132432"},{"taxonomy":"post_tag","embeddable":true,"href":"https:\/\/www.europesays.com\/se\/wp-json\/wp\/v2\/tags?post=132432"}],"curies":[{"name":"wp","href":"https:\/\/api.w.org\/{rel}","templated":true}]}}