{"id":132438,"date":"2026-01-11T15:57:07","date_gmt":"2026-01-11T15:57:07","guid":{"rendered":"https:\/\/www.europesays.com\/se\/132438\/"},"modified":"2026-01-11T15:57:07","modified_gmt":"2026-01-11T15:57:07","slug":"20-000-skyddsmasker-till-det-civila-forsvaret","status":"publish","type":"post","link":"https:\/\/www.europesays.com\/se\/132438\/","title":{"rendered":"20 000 skyddsmasker till det civila f\u00f6rsvaret"},"content":{"rendered":"<p>&#13;<br \/>\nRegeringen har gett Myndigheten f\u00f6r civilt f\u00f6rsvar i uppdrag att s\u00e4kerst\u00e4lla att det finns en grundl\u00e4ggande beredskap av skyddsmasker inom det civila f\u00f6rsvaret, utifr\u00e5n en analys av vilka samh\u00e4llsviktiga verksamheter som har st\u00f6rst behov. Totalt handlar det om cirka 20 000 skyddsmasker.<\/p>\n<p>\u2013 Erfarenheterna fr\u00e5n Ukraina har med all \u00f6nskv\u00e4rd tydlighet visat p\u00e5 behovet av skyddsmasker i det civila f\u00f6rsvaret. Det handlar bland annat om att r\u00e4ddningstj\u00e4nsten ska kunna forts\u00e4tta r\u00e4dda liv, \u00e4ven i r\u00f6k- och gasfyllda milj\u00f6er liksom i omr\u00e5den d\u00e4r biologiska, kemiska, eller nukle\u00e4ra stridsmedel har anv\u00e4nts. D\u00e4rf\u00f6r \u00e4r det angel\u00e4get att staten i ett f\u00f6rsta steg best\u00e4ller 20 000 skyddsmasker, s\u00e4ger minister f\u00f6r civilt f\u00f6rsvar Carl-Oskar Bohlin.<\/p>\n<p>I flera verksamheter inom det civila f\u00f6rsvaret saknar Sverige idag tillg\u00e5ng till skyddsmasker. Regeringen har d\u00e4rf\u00f6r beslutat om ett uppdrag till Myndigheten f\u00f6r civilt f\u00f6rsvar att s\u00e4kerst\u00e4lla en grundl\u00e4ggande beredskap med skyddsmasker som st\u00f6dresurs inom det civila f\u00f6rsvaret, utifr\u00e5n en analys av hur behoven ser ut. Totalt handlar det om cirka 20 000 skyddsmasker inklusive filter som ska f\u00f6rdelas ut.<\/p>\n<p>Myndigheten f\u00e5r \u00e4ven i uppdrag att bed\u00f6ma behov av utbildning och lagerh\u00e5llning samt tillkommande behov av skyddsmasker som st\u00f6dresurs inom det civila f\u00f6rsvaret och ska vid behov anskaffa ytterligare skyddsmasker.<\/p>\n","protected":false},"excerpt":{"rendered":"&#13; Regeringen har gett Myndigheten f\u00f6r civilt f\u00f6rsvar i uppdrag att s\u00e4kerst\u00e4lla att det finns en grundl\u00e4ggande beredskap&hellip;\n","protected":false},"author":2,"featured_media":67452,"comment_status":"","ping_status":"","sticky":false,"template":"","format":"standard","meta":{"footnotes":""},"categories":[12],"tags":[22,23,26,27,17,21,24,25,28,29,15,16,18,34,31,33,32,30,19,20],"class_list":{"0":"post-132438","1":"post","2":"type-post","3":"status-publish","4":"format-standard","5":"has-post-thumbnail","7":"category-sverige","8":"tag-breaking-news","9":"tag-breakingnews","10":"tag-featured-news","11":"tag-featurednews","12":"tag-headlines","13":"tag-huvudnyheter","14":"tag-latest-news","15":"tag-latestnews","16":"tag-main-news","17":"tag-mainnews","18":"tag-news","19":"tag-nyheter","20":"tag-rubriker","21":"tag-se","22":"tag-svenska","23":"tag-sverige","24":"tag-sweden","25":"tag-swedish","26":"tag-top-stories","27":"tag-topstories"},"share_on_mastodon":{"url":"https:\/\/pubeurope.com\/@se\/115877291220329045","error":""},"_links":{"self":[{"href":"https:\/\/www.europesays.com\/se\/wp-json\/wp\/v2\/posts\/132438","targetHints":{"allow":["GET"]}}],"collection":[{"href":"https:\/\/www.europesays.com\/se\/wp-json\/wp\/v2\/posts"}],"about":[{"href":"https:\/\/www.europesays.com\/se\/wp-json\/wp\/v2\/types\/post"}],"author":[{"embeddable":true,"href":"https:\/\/www.europesays.com\/se\/wp-json\/wp\/v2\/users\/2"}],"replies":[{"embeddable":true,"href":"https:\/\/www.europesays.com\/se\/wp-json\/wp\/v2\/comments?post=132438"}],"version-history":[{"count":0,"href":"https:\/\/www.europesays.com\/se\/wp-json\/wp\/v2\/posts\/132438\/revisions"}],"wp:featuredmedia":[{"embeddable":true,"href":"https:\/\/www.europesays.com\/se\/wp-json\/wp\/v2\/media\/67452"}],"wp:attachment":[{"href":"https:\/\/www.europesays.com\/se\/wp-json\/wp\/v2\/media?parent=132438"}],"wp:term":[{"taxonomy":"category","embeddable":true,"href":"https:\/\/www.europesays.com\/se\/wp-json\/wp\/v2\/categories?post=132438"},{"taxonomy":"post_tag","embeddable":true,"href":"https:\/\/www.europesays.com\/se\/wp-json\/wp\/v2\/tags?post=132438"}],"curies":[{"name":"wp","href":"https:\/\/api.w.org\/{rel}","templated":true}]}}